{"id":93512,"date":"2023-03-02T11:43:19","date_gmt":"2023-03-02T14:43:19","guid":{"rendered":"https:\/\/blogdoedvaldomagalhaes.com.br\/?p=93512"},"modified":"2023-03-02T11:43:20","modified_gmt":"2023-03-02T14:43:20","slug":"um-morto-e-dois-feridos-apos-capotamento-na-br-104","status":"publish","type":"post","link":"https:\/\/blogdoedvaldomagalhaes.com.br\/index.php\/2023\/03\/02\/um-morto-e-dois-feridos-apos-capotamento-na-br-104\/","title":{"rendered":"Um morto e dois feridos ap\u00f3s capotamento na BR 104"},"content":{"rendered":"<p style=\"text-align: justify;\">Por volta das 8h desta quinta-feira(2), a PRF foi acionada para atender um sinistro no Km 25,7 da Br 104, em Taquaritinga do Norte<\/p>\n<p style=\"text-align: justify;\">Ao chegar no local, encontrou uma caminhonete capotada fora da pista e danificada.<\/p>\n<p style=\"text-align: justify;\">Um passageiro faleceu no local.<\/p>\n<p style=\"text-align: justify;\">A motorista e outro passageiro ficaram feridos e foram encaminhados a uma unidade de sa\u00fade da regi\u00e3o. Foto: Divulga\u00e7\u00e3o\/PRF.<\/p>\n<p style=\"text-align: justify;\">Siga o Instagram do Blog @blogdoedvaldomagalhaes<\/p>\n","protected":false},"excerpt":{"rendered":"<p>Por volta das 8h desta quinta-feira(2), a PRF foi acionada para atender um sinistro no Km 25,7 da Br 104,&hellip;<\/p>\n","protected":false},"author":1,"featured_media":93513,"comment_status":"closed","ping_status":"open","sticky":false,"template":"","format":"standard","meta":{"footnotes":""},"categories":[14120],"tags":[2,19532,3406,26894],"class_list":["post-93512","post","type-post","status-publish","format-standard","has-post-thumbnail","hentry","category-noticias","tag-blog-do-edvaldo-magalhaes","tag-blog-mais-acessado-e-visualizado-de-caruaru-e-regiao","tag-caruaru","tag-um-morto-e-dois-feridos-apos-capotamento-na-br-104"],"_links":{"self":[{"href":"https:\/\/blogdoedvaldomagalhaes.com.br\/index.php\/wp-json\/wp\/v2\/posts\/93512","targetHints":{"allow":["GET"]}}],"collection":[{"href":"https:\/\/blogdoedvaldomagalhaes.com.br\/index.php\/wp-json\/wp\/v2\/posts"}],"about":[{"href":"https:\/\/blogdoedvaldomagalhaes.com.br\/index.php\/wp-json\/wp\/v2\/types\/post"}],"author":[{"embeddable":true,"href":"https:\/\/blogdoedvaldomagalhaes.com.br\/index.php\/wp-json\/wp\/v2\/users\/1"}],"replies":[{"embeddable":true,"href":"https:\/\/blogdoedvaldomagalhaes.com.br\/index.php\/wp-json\/wp\/v2\/comments?post=93512"}],"version-history":[{"count":1,"href":"https:\/\/blogdoedvaldomagalhaes.com.br\/index.php\/wp-json\/wp\/v2\/posts\/93512\/revisions"}],"predecessor-version":[{"id":93514,"href":"https:\/\/blogdoedvaldomagalhaes.com.br\/index.php\/wp-json\/wp\/v2\/posts\/93512\/revisions\/93514"}],"wp:featuredmedia":[{"embeddable":true,"href":"https:\/\/blogdoedvaldomagalhaes.com.br\/index.php\/wp-json\/wp\/v2\/media\/93513"}],"wp:attachment":[{"href":"https:\/\/blogdoedvaldomagalhaes.com.br\/index.php\/wp-json\/wp\/v2\/media?parent=93512"}],"wp:term":[{"taxonomy":"category","embeddable":true,"href":"https:\/\/blogdoedvaldomagalhaes.com.br\/index.php\/wp-json\/wp\/v2\/categories?post=93512"},{"taxonomy":"post_tag","embeddable":true,"href":"https:\/\/blogdoedvaldomagalhaes.com.br\/index.php\/wp-json\/wp\/v2\/tags?post=93512"}],"curies":[{"name":"wp","href":"https:\/\/api.w.org\/{rel}","templated":true}]}}