{"id":93497,"date":"2023-03-02T09:34:36","date_gmt":"2023-03-02T12:34:36","guid":{"rendered":"https:\/\/blogdoedvaldomagalhaes.com.br\/?p=93497"},"modified":"2023-03-02T09:34:37","modified_gmt":"2023-03-02T12:34:37","slug":"ifpe-caruaru-promove-convocacao-geral-para-inscritos-no-processo-de-ingresso-2023-1","status":"publish","type":"post","link":"https:\/\/blogdoedvaldomagalhaes.com.br\/index.php\/2023\/03\/02\/ifpe-caruaru-promove-convocacao-geral-para-inscritos-no-processo-de-ingresso-2023-1\/","title":{"rendered":"IFPE Caruaru promove convoca\u00e7\u00e3o geral para inscritos no Processo de Ingresso 2023.1"},"content":{"rendered":"<p style=\"text-align: justify;\"><span style=\"font-size: revert;\">A 4\u00aa Reclassifica\u00e7\u00e3o do Processo de Ingresso 2023.1 do IFPE ser\u00e1 realizada em formato de Convoca\u00e7\u00e3o Geral. Todos os candidatos que ainda est\u00e3o na lista de espera, na condi\u00e7\u00e3o de \u201cremanej\u00e1vel\u201d, ser\u00e3o chamados para a entrega da documenta\u00e7\u00e3o de matr\u00edcula.<\/span><\/p>\n<p style=\"text-align: justify;\">Essa convoca\u00e7\u00e3o ser\u00e1 publicada nesta quinta-feira, dia 02 de mar\u00e7o, na p\u00e1gina do Sistema Ingresso: ingresso.ifpe.edu.br, ap\u00f3s as 17h30.<\/p>\n<p style=\"text-align: justify;\">A ordem de convoca\u00e7\u00e3o dos candidatos vai respeitar a ordem decrescente de classifica\u00e7\u00e3o e a op\u00e7\u00e3o da reserva de vaga em que foram aprovados. O candidato que estiver na condi\u00e7\u00e3o de \u201cclassificado\u201d na lista significa que est\u00e1 dentro do n\u00famero de vagas que restaram para o seu curso. J\u00e1 aquele que estiver como \u201capto para solicitar matr\u00edcula\u201d significa que n\u00e3o est\u00e1 dentro do n\u00famero de vagas, mas que ainda pode ser chamado, caso o quantitativo seja ampliado.<\/p>\n<p style=\"text-align: justify;\">Toda a documenta\u00e7\u00e3o necess\u00e1ria para a matr\u00edcula est\u00e1 indicada no Edital de Matr\u00edcula. Os documentos dever\u00e3o ser enviados atrav\u00e9s do Sistema Ingresso (ingresso.ifpe.edu.br), dentro do prazo determinado.<\/p>\n<p style=\"text-align: justify;\">ATEN\u00c7\u00c3O: tanto os \u201cclassificados\u201d quanto os \u201captos para solicitar matr\u00edcula\u201d devem enviar a documenta\u00e7\u00e3o de matr\u00edcula de 03 a 10 de mar\u00e7o.<\/p>\n<p style=\"text-align: justify;\"><strong>Resumo:<\/strong><br \/>\nList\u00e3o da convoca\u00e7\u00e3o geral: 02 de mar\u00e7o, a partir das 17h30<br \/>\nEnvio da documenta\u00e7\u00e3o para solicita\u00e7\u00e3o de matr\u00edcula: 03 a 10 de mar\u00e7o<br \/>\nResultado preliminar das matr\u00edculas: 15\/03, a partir das 17h<br \/>\nEnvio de recursos: 16\/03, das 6h \u00e0s 20h<br \/>\nResultado final das matr\u00edculas: 17\/03<\/p>\n<p><strong>D\u00favidas frequentes<\/strong>:<br \/>\nQuem deve entregar a documenta\u00e7\u00e3o para solicita\u00e7\u00e3o de matr\u00edcula?<br \/>\n&#8211; Todos os candidatos que constam na convoca\u00e7\u00e3o geral<\/p>\n<p>Como fa\u00e7o para enviar essa documenta\u00e7\u00e3o?<br \/>\n&#8211; Online, atrav\u00e9s do Sistema Ingresso (ingresso.ifpe.edu.br)<\/p>\n<p>Quais s\u00e3o os documentos necess\u00e1rios?<br \/>\n&#8211; A lista de documentos est\u00e1 indicada no Edital de Matr\u00edcula, dispon\u00edvel em ingresso.ifpe.edu.br<\/p>\n<p>Foto: Divulga\u00e7\u00e3o.<\/p>\n<p>Siga o Instagram do Blog @blogdoedvaldomagalhaes<\/p>\n","protected":false},"excerpt":{"rendered":"<p>A 4\u00aa Reclassifica\u00e7\u00e3o do Processo de Ingresso 2023.1 do IFPE ser\u00e1 realizada em formato de Convoca\u00e7\u00e3o Geral. Todos os candidatos&hellip;<\/p>\n","protected":false},"author":1,"featured_media":93498,"comment_status":"closed","ping_status":"open","sticky":false,"template":"","format":"standard","meta":{"footnotes":""},"categories":[14120],"tags":[2,19532,3406,26892],"class_list":["post-93497","post","type-post","status-publish","format-standard","has-post-thumbnail","hentry","category-noticias","tag-blog-do-edvaldo-magalhaes","tag-blog-mais-acessado-e-visualizado-de-caruaru-e-regiao","tag-caruaru","tag-ifpe-caruaru-promove-convocacao-geral-para-inscritos-no-processo-de-ingresso-2023-1"],"_links":{"self":[{"href":"https:\/\/blogdoedvaldomagalhaes.com.br\/index.php\/wp-json\/wp\/v2\/posts\/93497","targetHints":{"allow":["GET"]}}],"collection":[{"href":"https:\/\/blogdoedvaldomagalhaes.com.br\/index.php\/wp-json\/wp\/v2\/posts"}],"about":[{"href":"https:\/\/blogdoedvaldomagalhaes.com.br\/index.php\/wp-json\/wp\/v2\/types\/post"}],"author":[{"embeddable":true,"href":"https:\/\/blogdoedvaldomagalhaes.com.br\/index.php\/wp-json\/wp\/v2\/users\/1"}],"replies":[{"embeddable":true,"href":"https:\/\/blogdoedvaldomagalhaes.com.br\/index.php\/wp-json\/wp\/v2\/comments?post=93497"}],"version-history":[{"count":1,"href":"https:\/\/blogdoedvaldomagalhaes.com.br\/index.php\/wp-json\/wp\/v2\/posts\/93497\/revisions"}],"predecessor-version":[{"id":93499,"href":"https:\/\/blogdoedvaldomagalhaes.com.br\/index.php\/wp-json\/wp\/v2\/posts\/93497\/revisions\/93499"}],"wp:featuredmedia":[{"embeddable":true,"href":"https:\/\/blogdoedvaldomagalhaes.com.br\/index.php\/wp-json\/wp\/v2\/media\/93498"}],"wp:attachment":[{"href":"https:\/\/blogdoedvaldomagalhaes.com.br\/index.php\/wp-json\/wp\/v2\/media?parent=93497"}],"wp:term":[{"taxonomy":"category","embeddable":true,"href":"https:\/\/blogdoedvaldomagalhaes.com.br\/index.php\/wp-json\/wp\/v2\/categories?post=93497"},{"taxonomy":"post_tag","embeddable":true,"href":"https:\/\/blogdoedvaldomagalhaes.com.br\/index.php\/wp-json\/wp\/v2\/tags?post=93497"}],"curies":[{"name":"wp","href":"https:\/\/api.w.org\/{rel}","templated":true}]}}