{"id":93489,"date":"2023-03-01T20:19:52","date_gmt":"2023-03-01T23:19:52","guid":{"rendered":"https:\/\/blogdoedvaldomagalhaes.com.br\/?p=93489"},"modified":"2023-03-01T20:24:32","modified_gmt":"2023-03-01T23:24:32","slug":"2o-homicidio-no-mes-de-marco-em-caruaru-flanelinha-e-morto-a-tiros","status":"publish","type":"post","link":"https:\/\/blogdoedvaldomagalhaes.com.br\/index.php\/2023\/03\/01\/2o-homicidio-no-mes-de-marco-em-caruaru-flanelinha-e-morto-a-tiros\/","title":{"rendered":"2\u00ba homic\u00eddio no m\u00eas de mar\u00e7o em Caruaru: Flanelinha \u00e9 morto a tiros"},"content":{"rendered":"<p style=\"text-align: justify;\">A Pol\u00edcia Civil \u00a0registrou o segundo homic\u00eddio no m\u00eas de mar\u00e7o em Caruaru, na noite desta quarta-feira (01), no Monte Bom Jesus. O flanelinha \u00a0\u00c9merson \u00a0Ferreira dos Santos Silva, 34 anos de idade, foi assassinado a tiros. O corpo foi encaminhado ao IML de Caruaru.<\/p>\n","protected":false},"excerpt":{"rendered":"<p>A Pol\u00edcia Civil \u00a0registrou o segundo homic\u00eddio no m\u00eas de mar\u00e7o em Caruaru, na noite desta quarta-feira (01), no Monte&hellip;<\/p>\n","protected":false},"author":1,"featured_media":93490,"comment_status":"closed","ping_status":"open","sticky":false,"template":"","format":"standard","meta":{"footnotes":""},"categories":[14121],"tags":[26891,2,19532,3406],"class_list":["post-93489","post","type-post","status-publish","format-standard","has-post-thumbnail","hentry","category-policial","tag-2o-homicidio-no-mes-de-marco-em-caruaru-flanelinha-e-morto-a-tiros","tag-blog-do-edvaldo-magalhaes","tag-blog-mais-acessado-e-visualizado-de-caruaru-e-regiao","tag-caruaru"],"_links":{"self":[{"href":"https:\/\/blogdoedvaldomagalhaes.com.br\/index.php\/wp-json\/wp\/v2\/posts\/93489","targetHints":{"allow":["GET"]}}],"collection":[{"href":"https:\/\/blogdoedvaldomagalhaes.com.br\/index.php\/wp-json\/wp\/v2\/posts"}],"about":[{"href":"https:\/\/blogdoedvaldomagalhaes.com.br\/index.php\/wp-json\/wp\/v2\/types\/post"}],"author":[{"embeddable":true,"href":"https:\/\/blogdoedvaldomagalhaes.com.br\/index.php\/wp-json\/wp\/v2\/users\/1"}],"replies":[{"embeddable":true,"href":"https:\/\/blogdoedvaldomagalhaes.com.br\/index.php\/wp-json\/wp\/v2\/comments?post=93489"}],"version-history":[{"count":2,"href":"https:\/\/blogdoedvaldomagalhaes.com.br\/index.php\/wp-json\/wp\/v2\/posts\/93489\/revisions"}],"predecessor-version":[{"id":93493,"href":"https:\/\/blogdoedvaldomagalhaes.com.br\/index.php\/wp-json\/wp\/v2\/posts\/93489\/revisions\/93493"}],"wp:featuredmedia":[{"embeddable":true,"href":"https:\/\/blogdoedvaldomagalhaes.com.br\/index.php\/wp-json\/wp\/v2\/media\/93490"}],"wp:attachment":[{"href":"https:\/\/blogdoedvaldomagalhaes.com.br\/index.php\/wp-json\/wp\/v2\/media?parent=93489"}],"wp:term":[{"taxonomy":"category","embeddable":true,"href":"https:\/\/blogdoedvaldomagalhaes.com.br\/index.php\/wp-json\/wp\/v2\/categories?post=93489"},{"taxonomy":"post_tag","embeddable":true,"href":"https:\/\/blogdoedvaldomagalhaes.com.br\/index.php\/wp-json\/wp\/v2\/tags?post=93489"}],"curies":[{"name":"wp","href":"https:\/\/api.w.org\/{rel}","templated":true}]}}