{"id":93480,"date":"2023-03-01T19:35:56","date_gmt":"2023-03-01T22:35:56","guid":{"rendered":"https:\/\/blogdoedvaldomagalhaes.com.br\/?p=93480"},"modified":"2023-03-01T19:43:38","modified_gmt":"2023-03-01T22:43:38","slug":"1-homicidio-no-mes-de-marco-em-caruaru-homem-e-morto-a-tiros","status":"publish","type":"post","link":"https:\/\/blogdoedvaldomagalhaes.com.br\/index.php\/2023\/03\/01\/1-homicidio-no-mes-de-marco-em-caruaru-homem-e-morto-a-tiros\/","title":{"rendered":"1\u00b0 homic\u00eddio no m\u00eas de mar\u00e7o em Caruaru: Homem \u00e9 morto a tiros"},"content":{"rendered":"<p style=\"text-align: justify;\">A Pol\u00edcia Civil registrou o primeiro homic\u00eddio no m\u00eas de mar\u00e7o em Caruaru, na tarde desta quarta-feira (01), e informou que,\u00a0<span style=\"font-size: revert;\">Lucas Gabriel Santos Andrade, 25 anos, estava conduzindo uma motocicleta Bros, pr\u00f3ximo da pr\u00f3pria resid\u00eancia, na Vila Caj\u00e1, nas proximidades do Alto do Moura, na zona rural do munic\u00edpio, quando um ve\u00edculo emparelhou com a v\u00edtima e efetuou diversos disparos de arma de fogo.<\/span><\/p>\n<p style=\"text-align: justify;\">Ainda segundo a pol\u00edcia, a v\u00edtima correu e entrou no matagal, mas foi perseguido e morto a tiros.\u00a0<span style=\"font-size: revert;\">o corpo foi encaminhado para o IML local. Foto: Adielson Galv\u00e3o.<\/span><\/p>\n<p style=\"text-align: justify;\">Siga o instariam do Blog @blogdoedvaldomagalhaes<\/p>\n","protected":false},"excerpt":{"rendered":"<p>A Pol\u00edcia Civil registrou o primeiro homic\u00eddio no m\u00eas de mar\u00e7o em Caruaru, na tarde desta quarta-feira (01), e informou&hellip;<\/p>\n","protected":false},"author":1,"featured_media":93481,"comment_status":"closed","ping_status":"open","sticky":false,"template":"","format":"standard","meta":{"footnotes":""},"categories":[14121],"tags":[26890,2,19532,3406],"class_list":["post-93480","post","type-post","status-publish","format-standard","has-post-thumbnail","hentry","category-policial","tag-1-homicidio-no-mes-de-marco-em-caruaru-homem-e-morto-a-tiros","tag-blog-do-edvaldo-magalhaes","tag-blog-mais-acessado-e-visualizado-de-caruaru-e-regiao","tag-caruaru"],"_links":{"self":[{"href":"https:\/\/blogdoedvaldomagalhaes.com.br\/index.php\/wp-json\/wp\/v2\/posts\/93480","targetHints":{"allow":["GET"]}}],"collection":[{"href":"https:\/\/blogdoedvaldomagalhaes.com.br\/index.php\/wp-json\/wp\/v2\/posts"}],"about":[{"href":"https:\/\/blogdoedvaldomagalhaes.com.br\/index.php\/wp-json\/wp\/v2\/types\/post"}],"author":[{"embeddable":true,"href":"https:\/\/blogdoedvaldomagalhaes.com.br\/index.php\/wp-json\/wp\/v2\/users\/1"}],"replies":[{"embeddable":true,"href":"https:\/\/blogdoedvaldomagalhaes.com.br\/index.php\/wp-json\/wp\/v2\/comments?post=93480"}],"version-history":[{"count":2,"href":"https:\/\/blogdoedvaldomagalhaes.com.br\/index.php\/wp-json\/wp\/v2\/posts\/93480\/revisions"}],"predecessor-version":[{"id":93484,"href":"https:\/\/blogdoedvaldomagalhaes.com.br\/index.php\/wp-json\/wp\/v2\/posts\/93480\/revisions\/93484"}],"wp:featuredmedia":[{"embeddable":true,"href":"https:\/\/blogdoedvaldomagalhaes.com.br\/index.php\/wp-json\/wp\/v2\/media\/93481"}],"wp:attachment":[{"href":"https:\/\/blogdoedvaldomagalhaes.com.br\/index.php\/wp-json\/wp\/v2\/media?parent=93480"}],"wp:term":[{"taxonomy":"category","embeddable":true,"href":"https:\/\/blogdoedvaldomagalhaes.com.br\/index.php\/wp-json\/wp\/v2\/categories?post=93480"},{"taxonomy":"post_tag","embeddable":true,"href":"https:\/\/blogdoedvaldomagalhaes.com.br\/index.php\/wp-json\/wp\/v2\/tags?post=93480"}],"curies":[{"name":"wp","href":"https:\/\/api.w.org\/{rel}","templated":true}]}}