{"id":93455,"date":"2023-03-01T08:15:22","date_gmt":"2023-03-01T11:15:22","guid":{"rendered":"https:\/\/blogdoedvaldomagalhaes.com.br\/?p=93455"},"modified":"2023-03-01T22:05:12","modified_gmt":"2023-03-02T01:05:12","slug":"vereadora-katia-das-rendeiras-e-assessor-sao-presos-pela-policia-civil","status":"publish","type":"post","link":"https:\/\/blogdoedvaldomagalhaes.com.br\/index.php\/2023\/03\/01\/vereadora-katia-das-rendeiras-e-assessor-sao-presos-pela-policia-civil\/","title":{"rendered":"Vereadora K\u00e1tia das Rendeiras e assessor s\u00e3o presos pela Pol\u00edcia Civil"},"content":{"rendered":"<p style=\"text-align: justify;\">A Pol\u00edcia Civil de Pernambuco desencadeou, na manh\u00e3 desta quarta-feira (01), em Caruaru, a opera\u00e7\u00e3o de repress\u00e3o qualificada denominada \u201cPrimus\u201d. E informou que o objetivo \u00e9 de desarticular associa\u00e7\u00e3o criminosa voltada para a pr\u00e1tica do crime de peculato. A vereadora K\u00e1tia das Rendeiras (Republicanos), \u00e9 o assessor Carlos Mateus foram presos. \u00a0A pris\u00e3o da parlamentar n\u00e3o tem rela\u00e7\u00e3o com a morte do comerciante\u00a0Hallysson Wagnner, que gravava v\u00eddeos e postava nas redes sociais denunciando a parlamentar.\u00a0<span style=\"font-size: revert;\">Ela tamb\u00e9m \u00e9 investigada por esse crime, mas no caso da opera\u00e7\u00e3o de hoje, segundo a pol\u00edcia civil a motiva\u00e7\u00e3o da pris\u00e3o \u00e9 outra.\u00a0<\/span><span style=\"font-size: revert;\">A investiga\u00e7\u00e3o \u00e9 por \u00a0em Lavagem de dinheiro, desvio de recursos p\u00fablicos e peculato. O advogado Criminalista, Cl\u00e1udio Cumaru, assumiu a defesa da vereadora K\u00e1tia das Rendeiras. K\u00e1tia das Rendeiras passou por audi\u00eancia de cust\u00f3dia e est\u00e1 sendo encaminhada para a Col\u00f4nia Penal Feminina Bom Pastor no Recife, e o assessor est\u00e1 sendo encaminhado \u00e0 Penitenci\u00e1ria Ju\u00edz Pl\u00e1cido de Souza em Caruaru.<\/span><\/p>\n<p style=\"text-align: justify;\">A Pol\u00edcia Civil \u00a0cumpre dois mandados de pris\u00e3o, 14 de busca e apreens\u00e3o domiciliar, sequestro de bens e bloqueio judicial de ativos financeiros, todos expedidos pela segunda Vara Criminal da Comarca de Caruaru. As investiga\u00e7\u00f5es foram iniciadas em mar\u00e7o de 2022.<\/p>\n<p><strong>Nota da C\u00e2mara de Caruaru\u00a0<\/strong><\/p>\n<p style=\"text-align: justify;\">Vimos a p\u00fablico informar que at\u00e9 o presente momento, a C\u00e2mara Municipal de Caruaru n\u00e3o foi notificada, e nem tampouco intimada oficialmente sobre a pris\u00e3o da parlamentar K\u00e1tia da Rendeiras.<br \/>\nNo momento, nos reservamos, enquanto institui\u00e7\u00e3o, a n\u00e3o comentar ou emitir ju\u00edzo de valor sobre o ocorrido.<br \/>\nDesta forma, mais informa\u00e7\u00f5es e detalhes devem ser buscados com a assessoria da pr\u00f3pria vereadora, como tamb\u00e9m com o Poder Judici\u00e1rio.<\/p>\n<p style=\"text-align: justify;\">Francisco Ferreira<br \/>\nProcurador Jur\u00eddico Geral da C\u00e2mara de Caruaru.<\/p>\n<p>Foto: Vladimir Barreto.<\/p>\n<p style=\"text-align: justify;\">Siga o Instagram do Blog @Blogdoedvaldomagalhaes<\/p>\n<p style=\"text-align: justify;\">\n","protected":false},"excerpt":{"rendered":"<p>A Pol\u00edcia Civil de Pernambuco desencadeou, na manh\u00e3 desta quarta-feira (01), em Caruaru, a opera\u00e7\u00e3o de repress\u00e3o qualificada denominada \u201cPrimus\u201d.&hellip;<\/p>\n","protected":false},"author":1,"featured_media":93475,"comment_status":"closed","ping_status":"open","sticky":false,"template":"","format":"standard","meta":{"footnotes":""},"categories":[14122],"tags":[2,19532,3406,26888],"class_list":["post-93455","post","type-post","status-publish","format-standard","has-post-thumbnail","hentry","category-politica","tag-blog-do-edvaldo-magalhaes","tag-blog-mais-acessado-e-visualizado-de-caruaru-e-regiao","tag-caruaru","tag-vereadora-katia-das-rendeiras-e-assessor-sao-presos-pela-policia-civil"],"_links":{"self":[{"href":"https:\/\/blogdoedvaldomagalhaes.com.br\/index.php\/wp-json\/wp\/v2\/posts\/93455","targetHints":{"allow":["GET"]}}],"collection":[{"href":"https:\/\/blogdoedvaldomagalhaes.com.br\/index.php\/wp-json\/wp\/v2\/posts"}],"about":[{"href":"https:\/\/blogdoedvaldomagalhaes.com.br\/index.php\/wp-json\/wp\/v2\/types\/post"}],"author":[{"embeddable":true,"href":"https:\/\/blogdoedvaldomagalhaes.com.br\/index.php\/wp-json\/wp\/v2\/users\/1"}],"replies":[{"embeddable":true,"href":"https:\/\/blogdoedvaldomagalhaes.com.br\/index.php\/wp-json\/wp\/v2\/comments?post=93455"}],"version-history":[{"count":12,"href":"https:\/\/blogdoedvaldomagalhaes.com.br\/index.php\/wp-json\/wp\/v2\/posts\/93455\/revisions"}],"predecessor-version":[{"id":93496,"href":"https:\/\/blogdoedvaldomagalhaes.com.br\/index.php\/wp-json\/wp\/v2\/posts\/93455\/revisions\/93496"}],"wp:featuredmedia":[{"embeddable":true,"href":"https:\/\/blogdoedvaldomagalhaes.com.br\/index.php\/wp-json\/wp\/v2\/media\/93475"}],"wp:attachment":[{"href":"https:\/\/blogdoedvaldomagalhaes.com.br\/index.php\/wp-json\/wp\/v2\/media?parent=93455"}],"wp:term":[{"taxonomy":"category","embeddable":true,"href":"https:\/\/blogdoedvaldomagalhaes.com.br\/index.php\/wp-json\/wp\/v2\/categories?post=93455"},{"taxonomy":"post_tag","embeddable":true,"href":"https:\/\/blogdoedvaldomagalhaes.com.br\/index.php\/wp-json\/wp\/v2\/tags?post=93455"}],"curies":[{"name":"wp","href":"https:\/\/api.w.org\/{rel}","templated":true}]}}