{"id":93452,"date":"2023-02-28T22:35:24","date_gmt":"2023-03-01T01:35:24","guid":{"rendered":"https:\/\/blogdoedvaldomagalhaes.com.br\/?p=93452"},"modified":"2023-03-01T10:22:36","modified_gmt":"2023-03-01T13:22:36","slug":"comercio-de-caruaru-podera-praticar-jornada-de-trabalho-no-feriado-desta-segunda-6","status":"publish","type":"post","link":"https:\/\/blogdoedvaldomagalhaes.com.br\/index.php\/2023\/02\/28\/comercio-de-caruaru-podera-praticar-jornada-de-trabalho-no-feriado-desta-segunda-6\/","title":{"rendered":"Com\u00e9rcio de Caruaru poder\u00e1 praticar jornada de trabalho no feriado desta segunda (6)"},"content":{"rendered":"<p style=\"text-align: justify;\"><span style=\"font-size: revert;\">O Sindicato dos Lojistas do Com\u00e9rcio de Caruaru (Sindloja) est\u00e1 orientando os lojistas sobre a pr\u00e1tica de jornada de trabalho no feriado da Data Magna de Pernambuco, que ocorre no dia 6 de mar\u00e7o, institu\u00eddo pela lei n\u00ba 14.241\/2017.<\/span><\/p>\n<p style=\"text-align: justify;\">Poder\u00e3o praticar jornada de trabalho as empresas das categorias do com\u00e9rcio varejista e de g\u00eaneros aliment\u00edcios (supermercados e similares), desde que cumpram os requisitos previstos na Conven\u00e7\u00e3o Coletiva de Trabalho (CCT).<\/p>\n<p style=\"text-align: justify;\">\u00c9 necess\u00e1rio enviar o comunicado eletr\u00f4nico ao Sindloja por meio da plataforma E-sind; efetuar o pagamento de taxa de autoriza\u00e7\u00e3o para jornada em feriado ao Sindloja, caso a empresa n\u00e3o seja filiada ao sindicato; efetuar o pagamento de ajuda de custo ao trabalhador; concess\u00e3o da folga ao trabalhador, no prazo de at\u00e9 30 dias, sob pena de autua\u00e7\u00e3o e aplica\u00e7\u00e3o de multa pelo fiscaliza\u00e7\u00e3o do Trabalho.<\/p>\n<p><span style=\"font-size: revert;\">O Polo Caruaru vai funcionar em hor\u00e1rio normal, de 9h \u00e0s 18h, nas mais de 200 lojas.<\/span><\/p>\n<p style=\"text-align: justify;\">A Data Magna de Pernambuco refere-se \u00e0 Revolu\u00e7\u00e3o Pernambucana de 1817, que teve sua eclos\u00e3o no dia 6 de mar\u00e7o. \u00c9 importante registrar que a lei federal n\u00ba 9.093\/1995 fixa quais os feriados civis no pa\u00eds, prevendo tamb\u00e9m que \u00e9 feriado civil a Data Magna de cada Estado, criada por lei estadual. Nesta mesma lei, em seu artigo 2\u00ba, s\u00e3o considerados feriados religiosos os dias de guarda, declarados em lei municipal, de acordo com a tradi\u00e7\u00e3o local e em n\u00famero n\u00e3o superior a quatro, neste considerando a Sexta-Feira da Paix\u00e3o. Foto: Jana\u00edna Pepeu\/Prefeitura de Caruaru\/Divulga\u00e7\u00e3o.<\/p>\n<p style=\"text-align: justify;\">Siga o Instagram do Blog @blogdoedvaldomagalhaes<\/p>\n","protected":false},"excerpt":{"rendered":"<p>O Sindicato dos Lojistas do Com\u00e9rcio de Caruaru (Sindloja) est\u00e1 orientando os lojistas sobre a pr\u00e1tica de jornada de trabalho&hellip;<\/p>\n","protected":false},"author":1,"featured_media":93453,"comment_status":"closed","ping_status":"open","sticky":false,"template":"","format":"standard","meta":{"footnotes":""},"categories":[14120],"tags":[2,19532,3406,26887],"class_list":["post-93452","post","type-post","status-publish","format-standard","has-post-thumbnail","hentry","category-noticias","tag-blog-do-edvaldo-magalhaes","tag-blog-mais-acessado-e-visualizado-de-caruaru-e-regiao","tag-caruaru","tag-comercio-de-caruaru-podera-praticar-jornada-de-trabalho-no-feriado-desta-segunda-6"],"_links":{"self":[{"href":"https:\/\/blogdoedvaldomagalhaes.com.br\/index.php\/wp-json\/wp\/v2\/posts\/93452","targetHints":{"allow":["GET"]}}],"collection":[{"href":"https:\/\/blogdoedvaldomagalhaes.com.br\/index.php\/wp-json\/wp\/v2\/posts"}],"about":[{"href":"https:\/\/blogdoedvaldomagalhaes.com.br\/index.php\/wp-json\/wp\/v2\/types\/post"}],"author":[{"embeddable":true,"href":"https:\/\/blogdoedvaldomagalhaes.com.br\/index.php\/wp-json\/wp\/v2\/users\/1"}],"replies":[{"embeddable":true,"href":"https:\/\/blogdoedvaldomagalhaes.com.br\/index.php\/wp-json\/wp\/v2\/comments?post=93452"}],"version-history":[{"count":2,"href":"https:\/\/blogdoedvaldomagalhaes.com.br\/index.php\/wp-json\/wp\/v2\/posts\/93452\/revisions"}],"predecessor-version":[{"id":93465,"href":"https:\/\/blogdoedvaldomagalhaes.com.br\/index.php\/wp-json\/wp\/v2\/posts\/93452\/revisions\/93465"}],"wp:featuredmedia":[{"embeddable":true,"href":"https:\/\/blogdoedvaldomagalhaes.com.br\/index.php\/wp-json\/wp\/v2\/media\/93453"}],"wp:attachment":[{"href":"https:\/\/blogdoedvaldomagalhaes.com.br\/index.php\/wp-json\/wp\/v2\/media?parent=93452"}],"wp:term":[{"taxonomy":"category","embeddable":true,"href":"https:\/\/blogdoedvaldomagalhaes.com.br\/index.php\/wp-json\/wp\/v2\/categories?post=93452"},{"taxonomy":"post_tag","embeddable":true,"href":"https:\/\/blogdoedvaldomagalhaes.com.br\/index.php\/wp-json\/wp\/v2\/tags?post=93452"}],"curies":[{"name":"wp","href":"https:\/\/api.w.org\/{rel}","templated":true}]}}