{"id":93448,"date":"2023-02-28T19:30:05","date_gmt":"2023-02-28T22:30:05","guid":{"rendered":"https:\/\/blogdoedvaldomagalhaes.com.br\/?p=93448"},"modified":"2023-02-28T19:30:05","modified_gmt":"2023-02-28T22:30:05","slug":"anderson-correia-volta-a-alertar-sobre-o-crescimento-do-numero-de-animais-abandonados-em-caruaru","status":"publish","type":"post","link":"https:\/\/blogdoedvaldomagalhaes.com.br\/index.php\/2023\/02\/28\/anderson-correia-volta-a-alertar-sobre-o-crescimento-do-numero-de-animais-abandonados-em-caruaru\/","title":{"rendered":"Anderson Correia volta a alertar sobre o crescimento do n\u00famero de animais abandonados em Caruaru"},"content":{"rendered":"<p style=\"text-align: justify;\"><span style=\"font-size: revert;\">Refer\u00eancia no combate aos maus-tratos aos animais em Pernambuco, o vereador Anderson Correia (PP) voltou a alertar sobre o crescimento do n\u00famero de animais que vem sendo abandonados em Caruaru. Em seu discurso na sess\u00e3o plen\u00e1ria desta ter\u00e7a-feira (28), na C\u00e2mara de Caruaru, ele ressaltou a necessidade da execu\u00e7\u00e3o de pol\u00edticas p\u00fablicas para o munic\u00edpio, pedindo a interven\u00e7\u00e3o do Poder P\u00fablico para a situa\u00e7\u00e3o alarmante na Capital do Agreste.<\/span><\/p>\n<p style=\"text-align: justify;\">\u201cPrecisamos combater o abandono com pol\u00edticas p\u00fablicas para os animais de rua, que est\u00e3o em vulnerabilidade. Temos projetos e requerimentos j\u00e1 enviados para o Poder Executivo que trata sobre isso, com diversas campanhas e outras pol\u00edticas como nossa solicita\u00e7\u00e3o para a cria\u00e7\u00e3o da Casa de Passagem, um equipamento p\u00fablico de fundamental import\u00e2ncia para os animais para dispor sobre a pol\u00edtica de controle da natalidade de c\u00e3es e gatos em situa\u00e7\u00f5es de abandono e vulnerabilidade, conforme a Lei Federal 13.426 de 2017. Estamos atentos aos diversos distritos e bairros que tem maior \u00edndice de animais em vulnerabilidade, como S\u00e3o Jos\u00e9, Jos\u00e9 Carlos de Oliveira, Morada Nova, Rendeiras, e outros que est\u00e3o em nosso radar\u201d, destacou Anderson.<\/p>\n<p style=\"text-align: justify;\">O ato de abandonar um animal \u00e9 crime, considerado maus-tratos e, segundo a Lei Sans\u00e3o (Lei 14.064\/2020), o infrator que cometer esse crime pode pegar de 2 a 5 anos de reclus\u00e3o, al\u00e9m de multa e perda da guarda do animal. Todos podem denunciar o crime de abandono nas delegacias de pol\u00edcia; por meio do Disque Den\u00fancia 81.3719-9595 e nas redes sociais do vereador Anderson Correia (@andersconcorreiaadv). \u00c9 importante lembrar que, para denunciar, \u00e9 preciso sempre ter provas concretas como fotos, \u00e1udios e\/ou v\u00eddeos. Foto: \u00a0Vladimir Barreto.<\/p>\n<p style=\"text-align: justify;\">Siga o Instagram do Blog @blogdoedvaldomagalhaes<\/p>\n","protected":false},"excerpt":{"rendered":"<p>Refer\u00eancia no combate aos maus-tratos aos animais em Pernambuco, o vereador Anderson Correia (PP) voltou a alertar sobre o crescimento&hellip;<\/p>\n","protected":false},"author":1,"featured_media":93449,"comment_status":"closed","ping_status":"open","sticky":false,"template":"","format":"standard","meta":{"footnotes":""},"categories":[14122],"tags":[26886,2,19532,3406],"class_list":["post-93448","post","type-post","status-publish","format-standard","has-post-thumbnail","hentry","category-politica","tag-anderson-correia-volta-a-alertar-sobre-o-crescimento-do-numero-de-animais-abandonados-em-caruaru","tag-blog-do-edvaldo-magalhaes","tag-blog-mais-acessado-e-visualizado-de-caruaru-e-regiao","tag-caruaru"],"_links":{"self":[{"href":"https:\/\/blogdoedvaldomagalhaes.com.br\/index.php\/wp-json\/wp\/v2\/posts\/93448","targetHints":{"allow":["GET"]}}],"collection":[{"href":"https:\/\/blogdoedvaldomagalhaes.com.br\/index.php\/wp-json\/wp\/v2\/posts"}],"about":[{"href":"https:\/\/blogdoedvaldomagalhaes.com.br\/index.php\/wp-json\/wp\/v2\/types\/post"}],"author":[{"embeddable":true,"href":"https:\/\/blogdoedvaldomagalhaes.com.br\/index.php\/wp-json\/wp\/v2\/users\/1"}],"replies":[{"embeddable":true,"href":"https:\/\/blogdoedvaldomagalhaes.com.br\/index.php\/wp-json\/wp\/v2\/comments?post=93448"}],"version-history":[{"count":1,"href":"https:\/\/blogdoedvaldomagalhaes.com.br\/index.php\/wp-json\/wp\/v2\/posts\/93448\/revisions"}],"predecessor-version":[{"id":93450,"href":"https:\/\/blogdoedvaldomagalhaes.com.br\/index.php\/wp-json\/wp\/v2\/posts\/93448\/revisions\/93450"}],"wp:featuredmedia":[{"embeddable":true,"href":"https:\/\/blogdoedvaldomagalhaes.com.br\/index.php\/wp-json\/wp\/v2\/media\/93449"}],"wp:attachment":[{"href":"https:\/\/blogdoedvaldomagalhaes.com.br\/index.php\/wp-json\/wp\/v2\/media?parent=93448"}],"wp:term":[{"taxonomy":"category","embeddable":true,"href":"https:\/\/blogdoedvaldomagalhaes.com.br\/index.php\/wp-json\/wp\/v2\/categories?post=93448"},{"taxonomy":"post_tag","embeddable":true,"href":"https:\/\/blogdoedvaldomagalhaes.com.br\/index.php\/wp-json\/wp\/v2\/tags?post=93448"}],"curies":[{"name":"wp","href":"https:\/\/api.w.org\/{rel}","templated":true}]}}