{"id":93443,"date":"2023-02-28T18:25:53","date_gmt":"2023-02-28T21:25:53","guid":{"rendered":"https:\/\/blogdoedvaldomagalhaes.com.br\/?p=93443"},"modified":"2023-02-28T21:54:41","modified_gmt":"2023-03-01T00:54:41","slug":"feira-do-jeans-de-toritama-acontecerao-a-partir-das-quintas-feiras","status":"publish","type":"post","link":"https:\/\/blogdoedvaldomagalhaes.com.br\/index.php\/2023\/02\/28\/feira-do-jeans-de-toritama-acontecerao-a-partir-das-quintas-feiras\/","title":{"rendered":"Feira do Jeans de Toritama acontecer\u00e1 a partir das quintas-feiras"},"content":{"rendered":"<p style=\"text-align: justify;\">Na tarde desta ter\u00e7a-feira (28), no Expresso da Moda, no espa\u00e7o da 4\u00aa Etapa do Parque das Feiras de Toritama, aconteceu uma reuni\u00e3o entre feirantes, lojistas e empreendimentos privados onde definiu o calend\u00e1rio semanal da Feira do Jeans de Toritama.<\/p>\n<p style=\"text-align: justify;\">Ficou decidido por maioria, que as feiras da Capital do Jeans acontecer\u00e3o sempre a partir das quintas-feiras, por\u00e9m, haver\u00e1 uma vota\u00e7\u00e3o nesta sexta-feira (03) para definir o melhor hor\u00e1rio, pela manh\u00e3 ou \u00e0 tarde.<\/p>\n<p style=\"text-align: justify;\">A feira ser\u00e1 realizada normalmente neste domingo (05), j\u00e1 a feira seguinte ser\u00e1 realizada na quinta-feira (09).<\/p>\n<p style=\"text-align: justify;\">Siga o Instagram do Blog @blogdoedvaldomagalhaes<\/p>\n","protected":false},"excerpt":{"rendered":"<p>Na tarde desta ter\u00e7a-feira (28), no Expresso da Moda, no espa\u00e7o da 4\u00aa Etapa do Parque das Feiras de Toritama,&hellip;<\/p>\n","protected":false},"author":1,"featured_media":93444,"comment_status":"closed","ping_status":"open","sticky":false,"template":"","format":"standard","meta":{"footnotes":""},"categories":[14120],"tags":[2,19532,3406,26885],"class_list":["post-93443","post","type-post","status-publish","format-standard","has-post-thumbnail","hentry","category-noticias","tag-blog-do-edvaldo-magalhaes","tag-blog-mais-acessado-e-visualizado-de-caruaru-e-regiao","tag-caruaru","tag-feira-do-jeans-de-toritama-acontecerao-a-partir-das-quintas-feiras"],"_links":{"self":[{"href":"https:\/\/blogdoedvaldomagalhaes.com.br\/index.php\/wp-json\/wp\/v2\/posts\/93443","targetHints":{"allow":["GET"]}}],"collection":[{"href":"https:\/\/blogdoedvaldomagalhaes.com.br\/index.php\/wp-json\/wp\/v2\/posts"}],"about":[{"href":"https:\/\/blogdoedvaldomagalhaes.com.br\/index.php\/wp-json\/wp\/v2\/types\/post"}],"author":[{"embeddable":true,"href":"https:\/\/blogdoedvaldomagalhaes.com.br\/index.php\/wp-json\/wp\/v2\/users\/1"}],"replies":[{"embeddable":true,"href":"https:\/\/blogdoedvaldomagalhaes.com.br\/index.php\/wp-json\/wp\/v2\/comments?post=93443"}],"version-history":[{"count":3,"href":"https:\/\/blogdoedvaldomagalhaes.com.br\/index.php\/wp-json\/wp\/v2\/posts\/93443\/revisions"}],"predecessor-version":[{"id":93451,"href":"https:\/\/blogdoedvaldomagalhaes.com.br\/index.php\/wp-json\/wp\/v2\/posts\/93443\/revisions\/93451"}],"wp:featuredmedia":[{"embeddable":true,"href":"https:\/\/blogdoedvaldomagalhaes.com.br\/index.php\/wp-json\/wp\/v2\/media\/93444"}],"wp:attachment":[{"href":"https:\/\/blogdoedvaldomagalhaes.com.br\/index.php\/wp-json\/wp\/v2\/media?parent=93443"}],"wp:term":[{"taxonomy":"category","embeddable":true,"href":"https:\/\/blogdoedvaldomagalhaes.com.br\/index.php\/wp-json\/wp\/v2\/categories?post=93443"},{"taxonomy":"post_tag","embeddable":true,"href":"https:\/\/blogdoedvaldomagalhaes.com.br\/index.php\/wp-json\/wp\/v2\/tags?post=93443"}],"curies":[{"name":"wp","href":"https:\/\/api.w.org\/{rel}","templated":true}]}}