{"id":93438,"date":"2023-02-28T17:15:25","date_gmt":"2023-02-28T20:15:25","guid":{"rendered":"https:\/\/blogdoedvaldomagalhaes.com.br\/?p=93438"},"modified":"2023-02-28T17:20:41","modified_gmt":"2023-02-28T20:20:41","slug":"vereador-mano-do-som-solicita-a-retomada-das-obras-do-mercado-publico-no-bairro-salgado","status":"publish","type":"post","link":"https:\/\/blogdoedvaldomagalhaes.com.br\/index.php\/2023\/02\/28\/vereador-mano-do-som-solicita-a-retomada-das-obras-do-mercado-publico-no-bairro-salgado\/","title":{"rendered":"Vereador Mano do Som solicita a retomada das obras do mercado p\u00fablico no bairro Salgado"},"content":{"rendered":"<p style=\"text-align: justify;\"><span style=\"font-size: revert;\">Visando a melhoria e o avan\u00e7o do mercado p\u00fablico no bairro Salgado, o vereador Mano do Som solicitou o rein\u00edcio das obras, para que o local ofere\u00e7a seguran\u00e7a aos feirantes e comerciantes.<\/span><\/p>\n<p style=\"text-align: justify;\"><span style=\"font-size: revert;\">\u201cEsse pleito \u00e9 de extrema import\u00e2ncia para os feirantes da grande feira do bairro salgado, que comercializam na localidade. Visto que, segundo relato dos feirantes, h\u00e1 meses essa obra foi iniciada e no momento encontra-se parada.\u00a0Com isto, prejudica os feirantes, comerciantes e compradores que utilizam do espa\u00e7o semanalmente, pois, a obra inacabada, gera inseguran\u00e7a e risco aos mesmos. Por isso, solicito urg\u00eancia na retomada para garantir maior dignidade a todos\u201d, afirmou Mano do Som.<\/span><\/p>\n<p style=\"text-align: justify;\"><span style=\"font-size: revert;\">A presta\u00e7\u00e3o dos servi\u00e7os p\u00fablicos indicados nesta propositura, com a brevidade necess\u00e1ria, resultar\u00e1 na melhoria da qualidade de vida, maior conforto, dignidade humana e harmonia para todos.<\/span><\/p>\n<p style=\"text-align: justify;\">\u201cA obra \u00e9 de grande import\u00e2ncia para o desenvolvimento social e econ\u00f4mico do munic\u00edpio, por ser um local gerador empregos que movimenta a economia da cidade\u201d, concluiu Mano do \u00a0Som.<\/p>\n<p style=\"text-align: justify;\">Siga o Instagram do Blog @blogdoedvaldomagalhaes<\/p>\n","protected":false},"excerpt":{"rendered":"<p>Visando a melhoria e o avan\u00e7o do mercado p\u00fablico no bairro Salgado, o vereador Mano do Som solicitou o rein\u00edcio&hellip;<\/p>\n","protected":false},"author":1,"featured_media":93439,"comment_status":"closed","ping_status":"open","sticky":false,"template":"","format":"standard","meta":{"footnotes":""},"categories":[14122],"tags":[2,19532,3406,26884],"class_list":["post-93438","post","type-post","status-publish","format-standard","has-post-thumbnail","hentry","category-politica","tag-blog-do-edvaldo-magalhaes","tag-blog-mais-acessado-e-visualizado-de-caruaru-e-regiao","tag-caruaru","tag-vereador-mano-do-som-solicita-a-retomada-das-obras-do-mercado-publico-no-bairro-salgado"],"_links":{"self":[{"href":"https:\/\/blogdoedvaldomagalhaes.com.br\/index.php\/wp-json\/wp\/v2\/posts\/93438","targetHints":{"allow":["GET"]}}],"collection":[{"href":"https:\/\/blogdoedvaldomagalhaes.com.br\/index.php\/wp-json\/wp\/v2\/posts"}],"about":[{"href":"https:\/\/blogdoedvaldomagalhaes.com.br\/index.php\/wp-json\/wp\/v2\/types\/post"}],"author":[{"embeddable":true,"href":"https:\/\/blogdoedvaldomagalhaes.com.br\/index.php\/wp-json\/wp\/v2\/users\/1"}],"replies":[{"embeddable":true,"href":"https:\/\/blogdoedvaldomagalhaes.com.br\/index.php\/wp-json\/wp\/v2\/comments?post=93438"}],"version-history":[{"count":2,"href":"https:\/\/blogdoedvaldomagalhaes.com.br\/index.php\/wp-json\/wp\/v2\/posts\/93438\/revisions"}],"predecessor-version":[{"id":93442,"href":"https:\/\/blogdoedvaldomagalhaes.com.br\/index.php\/wp-json\/wp\/v2\/posts\/93438\/revisions\/93442"}],"wp:featuredmedia":[{"embeddable":true,"href":"https:\/\/blogdoedvaldomagalhaes.com.br\/index.php\/wp-json\/wp\/v2\/media\/93439"}],"wp:attachment":[{"href":"https:\/\/blogdoedvaldomagalhaes.com.br\/index.php\/wp-json\/wp\/v2\/media?parent=93438"}],"wp:term":[{"taxonomy":"category","embeddable":true,"href":"https:\/\/blogdoedvaldomagalhaes.com.br\/index.php\/wp-json\/wp\/v2\/categories?post=93438"},{"taxonomy":"post_tag","embeddable":true,"href":"https:\/\/blogdoedvaldomagalhaes.com.br\/index.php\/wp-json\/wp\/v2\/tags?post=93438"}],"curies":[{"name":"wp","href":"https:\/\/api.w.org\/{rel}","templated":true}]}}