{"id":93435,"date":"2023-02-28T15:31:25","date_gmt":"2023-02-28T18:31:25","guid":{"rendered":"https:\/\/blogdoedvaldomagalhaes.com.br\/?p=93435"},"modified":"2023-02-28T15:31:26","modified_gmt":"2023-02-28T18:31:26","slug":"sesi-pe-abre-300-vagas-para-cursos-gratuitos-de-capacitacao-profissional-pela-internet","status":"publish","type":"post","link":"https:\/\/blogdoedvaldomagalhaes.com.br\/index.php\/2023\/02\/28\/sesi-pe-abre-300-vagas-para-cursos-gratuitos-de-capacitacao-profissional-pela-internet\/","title":{"rendered":"SESI-PE abre 300 vagas para cursos gratuitos de capacita\u00e7\u00e3o profissional pela internet"},"content":{"rendered":"<p style=\"text-align: justify;\"><span style=\"font-size: revert;\">Para quem pretende se qualificar profissionalmente para o mercado de trabalho, o SESI Pernambuco est\u00e1 oferecendo 300 vagas em cursos online gratuitos, sendo 150 para \u201cComunica\u00e7\u00e3o no Foco Organizacional\u201d e outras 150 para \u201cGest\u00e3o do Tempo\u201d. As inscri\u00e7\u00f5es estar\u00e3o abertas a partir desta quarta-feira (1\u00ba de mar\u00e7o) e v\u00e3o at\u00e9 o dia 19 ou at\u00e9 as vagas serem preenchidas. Os interessados nos cursos devem ter a partir de 16 anos, no\u00e7\u00f5es b\u00e1sicas de internet e acesso \u00e0 internet, al\u00e9m de e-mail. Ap\u00f3s a matr\u00edcula, os alunos ter\u00e3o at\u00e9 30 dias para estudar os conte\u00fados e concluir o curso.<\/span><\/p>\n<p style=\"text-align: justify;\">Com uma carga hor\u00e1ria de 20h, o curso \u201cComunica\u00e7\u00e3o no Foco Organizacional\u201d abordar\u00e1 conhecimentos b\u00e1sicos sobre o tema \u2018comunica\u00e7\u00e3o\u2019 no que diz respeito a demandas de trabalho e intera\u00e7\u00f5es com as pessoas dentro dos processos produtivos no ambiente laboral. O conte\u00fado contempla temas como O que \u00e9 comunica\u00e7\u00e3o e qual sua import\u00e2ncia; Aspectos que envolvem a comunica\u00e7\u00e3o; Fatores implicados na comunica\u00e7\u00e3o; Comunica\u00e7\u00e3o e as suas formas de abordagem; Gest\u00e3o e comunica\u00e7\u00e3o; Rela\u00e7\u00f5es entre comunica\u00e7\u00e3o, trabalho e aprendizagem; As teorias da comunica\u00e7\u00e3o nas organiza\u00e7\u00f5es; e Comunica\u00e7\u00e3o com excel\u00eancia.<\/p>\n<p style=\"text-align: justify;\">Em \u201cGest\u00e3o do Tempo\u201d, cuja carga hor\u00e1ria \u00e9 de 8h, os alunos poder\u00e3o compreender a import\u00e2ncia da organiza\u00e7\u00e3o e do planejamento como estrat\u00e9gia para alcan\u00e7ar maior produtividade e efici\u00eancia no seu ambiente de trabalho. Os temas abordados ser\u00e3o O tempo e seu impacto nas organiza\u00e7\u00f5es; A quest\u00e3o do tempo na contemporaneidade; Administrando o tempo; Quantidade X Qualidade; Desafios da gest\u00e3o do tempo nos \u00e2mbitos pessoal e profissional; Como fazer uma boa gest\u00e3o do tempo?; e Administra\u00e7\u00e3o do tempo e estabelecimento de prioridades.<\/p>\n<p style=\"text-align: justify;\">Depois de concluir o curso, os estudantes t\u00eam que realizar uma avalia\u00e7\u00e3o na plataforma educacional e, ao atingir 70 pontos ou mais no exame, receber\u00e3o o Certificado de Conclus\u00e3o. Para tirar d\u00favidas ou obter outras informa\u00e7\u00f5es, basta entrar em contato pelo WhatsApp (81) 98151-8375 ou pelo e-mail educacao.distancia@pe.sesi.org.br.<\/p>\n<p style=\"text-align: justify;\">Siga o Instagram do Blog @blogdoedvaldomagalhaes<\/p>\n","protected":false},"excerpt":{"rendered":"<p>Para quem pretende se qualificar profissionalmente para o mercado de trabalho, o SESI Pernambuco est\u00e1 oferecendo 300 vagas em cursos&hellip;<\/p>\n","protected":false},"author":1,"featured_media":93436,"comment_status":"closed","ping_status":"open","sticky":false,"template":"","format":"standard","meta":{"footnotes":""},"categories":[14120],"tags":[2,19532,3406,26883],"class_list":["post-93435","post","type-post","status-publish","format-standard","has-post-thumbnail","hentry","category-noticias","tag-blog-do-edvaldo-magalhaes","tag-blog-mais-acessado-e-visualizado-de-caruaru-e-regiao","tag-caruaru","tag-sesi-pe-abre-300-vagas-para-cursos-gratuitos-de-capacitacao-profissional-pela-internet"],"_links":{"self":[{"href":"https:\/\/blogdoedvaldomagalhaes.com.br\/index.php\/wp-json\/wp\/v2\/posts\/93435","targetHints":{"allow":["GET"]}}],"collection":[{"href":"https:\/\/blogdoedvaldomagalhaes.com.br\/index.php\/wp-json\/wp\/v2\/posts"}],"about":[{"href":"https:\/\/blogdoedvaldomagalhaes.com.br\/index.php\/wp-json\/wp\/v2\/types\/post"}],"author":[{"embeddable":true,"href":"https:\/\/blogdoedvaldomagalhaes.com.br\/index.php\/wp-json\/wp\/v2\/users\/1"}],"replies":[{"embeddable":true,"href":"https:\/\/blogdoedvaldomagalhaes.com.br\/index.php\/wp-json\/wp\/v2\/comments?post=93435"}],"version-history":[{"count":1,"href":"https:\/\/blogdoedvaldomagalhaes.com.br\/index.php\/wp-json\/wp\/v2\/posts\/93435\/revisions"}],"predecessor-version":[{"id":93437,"href":"https:\/\/blogdoedvaldomagalhaes.com.br\/index.php\/wp-json\/wp\/v2\/posts\/93435\/revisions\/93437"}],"wp:featuredmedia":[{"embeddable":true,"href":"https:\/\/blogdoedvaldomagalhaes.com.br\/index.php\/wp-json\/wp\/v2\/media\/93436"}],"wp:attachment":[{"href":"https:\/\/blogdoedvaldomagalhaes.com.br\/index.php\/wp-json\/wp\/v2\/media?parent=93435"}],"wp:term":[{"taxonomy":"category","embeddable":true,"href":"https:\/\/blogdoedvaldomagalhaes.com.br\/index.php\/wp-json\/wp\/v2\/categories?post=93435"},{"taxonomy":"post_tag","embeddable":true,"href":"https:\/\/blogdoedvaldomagalhaes.com.br\/index.php\/wp-json\/wp\/v2\/tags?post=93435"}],"curies":[{"name":"wp","href":"https:\/\/api.w.org\/{rel}","templated":true}]}}