{"id":93432,"date":"2023-02-28T13:59:26","date_gmt":"2023-02-28T16:59:26","guid":{"rendered":"https:\/\/blogdoedvaldomagalhaes.com.br\/?p=93432"},"modified":"2023-02-28T13:59:27","modified_gmt":"2023-02-28T16:59:27","slug":"dupla-e-detida-com-maconha-em-caruaru-2","status":"publish","type":"post","link":"https:\/\/blogdoedvaldomagalhaes.com.br\/index.php\/2023\/02\/28\/dupla-e-detida-com-maconha-em-caruaru-2\/","title":{"rendered":"Dupla \u00e9 detida com maconha em Caruaru"},"content":{"rendered":"<p style=\"text-align: justify;\"><span style=\"font-size: revert;\">Um adulto foi preso e um adolescente, apreendido por policiais militares do 1\u00ba BIEsp, segunda-feira (27\/02), em Caruaru. O efetivo recebeu informa\u00e7\u00e3o de que a dupla estava embalando e comercializando entorpecentes no bairro Vila do Aeroporto, foi at\u00e9 o local e confirmou a den\u00fancia.<\/span><\/p>\n<p style=\"text-align: justify;\">Logo ao chegar no ponto indicado foram avistados os suspeitos com as caracter\u00edsticas repassadas, que tentaram sem sucesso se desfazer de embalagens e fugir. Eles foram abordados e com eles localizadas 16 por\u00e7\u00f5es de maconha prontas para a venda.<\/p>\n<p style=\"text-align: justify;\">Admitindo a pr\u00e1tica ilegal, eles mostraram aos policiais onde guardavam duas sacolas com aproximadamente 210 g da mesma droga, duas balan\u00e7as de precis\u00e3o e embalagens para entorpecentes, al\u00e9m de oito correntes de prata, tr\u00eas an\u00e9is de prata e um rel\u00f3gio de proced\u00eancia duvidosa.<\/p>\n<p style=\"text-align: justify;\">Diante dos fatos, os envolvidos foram apresentados na Delegacia de Pol\u00edcia Civil, onde foram adotados os procedimentos cab\u00edveis. Foto: Divulga\u00e7\u00e3o\/PMPE.<\/p>\n<p style=\"text-align: justify;\">Siga o Instagram do Blog @blogdoedvaldomagalhaes<\/p>\n","protected":false},"excerpt":{"rendered":"<p>Um adulto foi preso e um adolescente, apreendido por policiais militares do 1\u00ba BIEsp, segunda-feira (27\/02), em Caruaru. O efetivo&hellip;<\/p>\n","protected":false},"author":1,"featured_media":93433,"comment_status":"closed","ping_status":"open","sticky":false,"template":"","format":"standard","meta":{"footnotes":""},"categories":[14121],"tags":[2,19532,3406,2876],"class_list":["post-93432","post","type-post","status-publish","format-standard","has-post-thumbnail","hentry","category-policial","tag-blog-do-edvaldo-magalhaes","tag-blog-mais-acessado-e-visualizado-de-caruaru-e-regiao","tag-caruaru","tag-dupla-e-detida-com-maconha-em-caruaru"],"_links":{"self":[{"href":"https:\/\/blogdoedvaldomagalhaes.com.br\/index.php\/wp-json\/wp\/v2\/posts\/93432","targetHints":{"allow":["GET"]}}],"collection":[{"href":"https:\/\/blogdoedvaldomagalhaes.com.br\/index.php\/wp-json\/wp\/v2\/posts"}],"about":[{"href":"https:\/\/blogdoedvaldomagalhaes.com.br\/index.php\/wp-json\/wp\/v2\/types\/post"}],"author":[{"embeddable":true,"href":"https:\/\/blogdoedvaldomagalhaes.com.br\/index.php\/wp-json\/wp\/v2\/users\/1"}],"replies":[{"embeddable":true,"href":"https:\/\/blogdoedvaldomagalhaes.com.br\/index.php\/wp-json\/wp\/v2\/comments?post=93432"}],"version-history":[{"count":1,"href":"https:\/\/blogdoedvaldomagalhaes.com.br\/index.php\/wp-json\/wp\/v2\/posts\/93432\/revisions"}],"predecessor-version":[{"id":93434,"href":"https:\/\/blogdoedvaldomagalhaes.com.br\/index.php\/wp-json\/wp\/v2\/posts\/93432\/revisions\/93434"}],"wp:featuredmedia":[{"embeddable":true,"href":"https:\/\/blogdoedvaldomagalhaes.com.br\/index.php\/wp-json\/wp\/v2\/media\/93433"}],"wp:attachment":[{"href":"https:\/\/blogdoedvaldomagalhaes.com.br\/index.php\/wp-json\/wp\/v2\/media?parent=93432"}],"wp:term":[{"taxonomy":"category","embeddable":true,"href":"https:\/\/blogdoedvaldomagalhaes.com.br\/index.php\/wp-json\/wp\/v2\/categories?post=93432"},{"taxonomy":"post_tag","embeddable":true,"href":"https:\/\/blogdoedvaldomagalhaes.com.br\/index.php\/wp-json\/wp\/v2\/tags?post=93432"}],"curies":[{"name":"wp","href":"https:\/\/api.w.org\/{rel}","templated":true}]}}