{"id":93429,"date":"2023-02-28T13:08:21","date_gmt":"2023-02-28T16:08:21","guid":{"rendered":"https:\/\/blogdoedvaldomagalhaes.com.br\/?p=93429"},"modified":"2023-02-28T13:08:22","modified_gmt":"2023-02-28T16:08:22","slug":"vereador-jorge-quintino-solicita-propositura-ligada-a-introspeccao-de-caruaru-na-proxima-lista-de-municipios-contemplados-com-faixa-5g-e-solicita-requerimentos-ligados-ao-meio-ambiente-e-mobilidade","status":"publish","type":"post","link":"https:\/\/blogdoedvaldomagalhaes.com.br\/index.php\/2023\/02\/28\/vereador-jorge-quintino-solicita-propositura-ligada-a-introspeccao-de-caruaru-na-proxima-lista-de-municipios-contemplados-com-faixa-5g-e-solicita-requerimentos-ligados-ao-meio-ambiente-e-mobilidade\/","title":{"rendered":"Vereador Jorge Quintino solicita propositura ligada \u00e0 introspec\u00e7\u00e3o de Caruaru na pr\u00f3xima lista de munic\u00edpios contemplados com faixa 5G e solicita requerimentos ligados ao meio ambiente e mobilidade"},"content":{"rendered":"<p style=\"text-align: justify;\"><span style=\"font-size: revert;\">Na tarde de hoje (28) a partir das 16h, durante a realiza\u00e7\u00e3o da 7\u00aa Reuni\u00e3o Ordin\u00e1ria da 3\u00aa Sess\u00e3o Legislativa da 18\u00aa Legislatura na Casa Jornalista Jos\u00e9 Carlos Flor\u00eancio, o Vereador Jorge Quintino solicitar\u00e1 na tribuna alguns requerimentos relacionados a mobilidade e meio ambiente e solicitar\u00e1 propositura ligada \u00e0 inclus\u00e3o.\u00a0<\/span><\/p>\n<p style=\"text-align: justify;\">Sabemos que a Ag\u00eancia Nacional de Telecomunica\u00e7\u00f5es (Anatel), anunciou que, em 2023, diversas cidades brasileiras devem receber o sinal 5G. Entre os munic\u00edpios anunciados pela autarquia, est\u00e3o Olinda, Jaboat\u00e3o dos Guararapes e Paulista, todos localizados na Regi\u00e3o Metropolitana do Recife. O anuncio segue a decis\u00e3o do Grupo de Acompanhamento da Implanta\u00e7\u00e3o das Solu\u00e7\u00f5es para os Problemas de Interfer\u00eancia (Gaispi) de antecipar a entrada de mais munic\u00edpios brasileiros na rede. Tamb\u00e9m \u00e9 de conhecimento que a experi\u00eancia de velocidade do usu\u00e1rio ser\u00e1 at\u00e9 dez vezes mais r\u00e1pida que o 4G. Espera-se que a nova tecnologia realize download de um arquivo de 1GB em aproximadamente dez segundos, dependendo do volume de tr\u00e1fego no momento. Na oportunidade o vereador afirmou \u201cRequeiro a inclus\u00e3o do munic\u00edpio de Caruaru na pr\u00f3xima lista de ades\u00f5es da nova tecnologia, com a finalidade de proporcionar uma internet veloz, para maior qualidade de vida aos mun\u00edcipes\u201d.<br \/>\nNos requerimentos ligados ao meio ambiente, o vereador solicitou a cria\u00e7\u00e3o do c\u00f3digo de vigil\u00e2ncia sanit\u00e1ria e Defesa civil de nosso munic\u00edpio e exigiu informa\u00e7\u00f5es relacionadas a proced\u00eancia da cria\u00e7\u00e3o do Sisverde &#8211; Sistema de Monitoramento de \u00c1reas Verdes e de preserva\u00e7\u00e3o em Caruaru.<br \/>\nNa mobilidade, o vereador exige que sejam realizadas a substitui\u00e7\u00e3o de l\u00e2mpadas queimadas que acabam colocando em risco a seguran\u00e7a dos mun\u00edcipes que transitam ao entorno do hospital Mestre Vitalino, no Bairro Luiz Gonzaga.<br \/>\nO p\u00fablico poder\u00e1 acompanhar a Sess\u00e3o atrav\u00e9s das redes sociais, da TV C\u00e2mara, canal 22.2.Foto: Vladimir Barreto.<\/p>\n<p style=\"text-align: justify;\">Siga o Instagram do Blog @blogdoedvaldomagalhaes<\/p>\n","protected":false},"excerpt":{"rendered":"<p>Na tarde de hoje (28) a partir das 16h, durante a realiza\u00e7\u00e3o da 7\u00aa Reuni\u00e3o Ordin\u00e1ria da 3\u00aa Sess\u00e3o Legislativa&hellip;<\/p>\n","protected":false},"author":1,"featured_media":93430,"comment_status":"closed","ping_status":"open","sticky":false,"template":"","format":"standard","meta":{"footnotes":""},"categories":[14122],"tags":[2,19532,3406,26882],"class_list":["post-93429","post","type-post","status-publish","format-standard","has-post-thumbnail","hentry","category-politica","tag-blog-do-edvaldo-magalhaes","tag-blog-mais-acessado-e-visualizado-de-caruaru-e-regiao","tag-caruaru","tag-vereador-jorge-quintino-solicita-propositura-ligada-a-introspeccao-de-caruaru-na-proxima-lista-de-municipios-contemplados-com-faixa-5g-e-solicita-requerimentos-ligados-ao-meio-ambiente-e-mobilidade"],"_links":{"self":[{"href":"https:\/\/blogdoedvaldomagalhaes.com.br\/index.php\/wp-json\/wp\/v2\/posts\/93429","targetHints":{"allow":["GET"]}}],"collection":[{"href":"https:\/\/blogdoedvaldomagalhaes.com.br\/index.php\/wp-json\/wp\/v2\/posts"}],"about":[{"href":"https:\/\/blogdoedvaldomagalhaes.com.br\/index.php\/wp-json\/wp\/v2\/types\/post"}],"author":[{"embeddable":true,"href":"https:\/\/blogdoedvaldomagalhaes.com.br\/index.php\/wp-json\/wp\/v2\/users\/1"}],"replies":[{"embeddable":true,"href":"https:\/\/blogdoedvaldomagalhaes.com.br\/index.php\/wp-json\/wp\/v2\/comments?post=93429"}],"version-history":[{"count":1,"href":"https:\/\/blogdoedvaldomagalhaes.com.br\/index.php\/wp-json\/wp\/v2\/posts\/93429\/revisions"}],"predecessor-version":[{"id":93431,"href":"https:\/\/blogdoedvaldomagalhaes.com.br\/index.php\/wp-json\/wp\/v2\/posts\/93429\/revisions\/93431"}],"wp:featuredmedia":[{"embeddable":true,"href":"https:\/\/blogdoedvaldomagalhaes.com.br\/index.php\/wp-json\/wp\/v2\/media\/93430"}],"wp:attachment":[{"href":"https:\/\/blogdoedvaldomagalhaes.com.br\/index.php\/wp-json\/wp\/v2\/media?parent=93429"}],"wp:term":[{"taxonomy":"category","embeddable":true,"href":"https:\/\/blogdoedvaldomagalhaes.com.br\/index.php\/wp-json\/wp\/v2\/categories?post=93429"},{"taxonomy":"post_tag","embeddable":true,"href":"https:\/\/blogdoedvaldomagalhaes.com.br\/index.php\/wp-json\/wp\/v2\/tags?post=93429"}],"curies":[{"name":"wp","href":"https:\/\/api.w.org\/{rel}","templated":true}]}}