{"id":93426,"date":"2023-02-28T13:01:12","date_gmt":"2023-02-28T16:01:12","guid":{"rendered":"https:\/\/blogdoedvaldomagalhaes.com.br\/?p=93426"},"modified":"2023-02-28T13:01:13","modified_gmt":"2023-02-28T16:01:13","slug":"pf-desarticula-organizacao-criminosa-que-fraudava-beneficios-previdenciarios-utilizando-idosos-de-aluguel","status":"publish","type":"post","link":"https:\/\/blogdoedvaldomagalhaes.com.br\/index.php\/2023\/02\/28\/pf-desarticula-organizacao-criminosa-que-fraudava-beneficios-previdenciarios-utilizando-idosos-de-aluguel\/","title":{"rendered":"PF desarticula Organiza\u00e7\u00e3o Criminosa que fraudava benef\u00edcios previdenci\u00e1rios utilizando \u201cidosos de aluguel\u201d"},"content":{"rendered":"<p style=\"text-align: justify;\"><span style=\"font-size: revert;\">A Pol\u00edcia Federal deflagrou na manh\u00e3 desta ter\u00e7a-feira (28\/02\/2023), a Opera\u00e7\u00e3o GRIFE, para cumprimento de 05 Mandados de Pris\u00e3o Preventiva, 24 Mandados de Busca e Apreens\u00e3o, al\u00e9m de outras Medidas Cautelares Diversas da Pris\u00e3o, nos munic\u00edpios de Igarassu \u2013 (05 MPP-05 MBA), Recife \u2013 (03 MBA) &#8211; \u00c1guas Belas \u2013 (13 MBA) &#8211; Garanhuns \u2013 (02 MBA) &#8211; Campinas\/SP \u2013 (01 MBA)<\/span><\/p>\n<p style=\"text-align: justify;\">A investiga\u00e7\u00e3o foi desenvolvida no \u00e2mbito da Delegacia da Pol\u00edcia Federal em Caruaru\/PE, com apoio do Minist\u00e9rio da Previd\u00eancia Social, visando desarticular Organiza\u00e7\u00e3o Criminosa especializada na obten\u00e7\u00e3o fraudulenta de benef\u00edcios previdenci\u00e1rios por meio dos chamados \u201cidosos de aluguel\u201d, que se apresentavam ao INSS, utilizando documentos falsos em nome de pessoas fict\u00edcias.<\/p>\n<p style=\"text-align: justify;\">O preju\u00edzo anual gerado pelos benef\u00edcios fraudulentos, j\u00e1 identificados, foi calculado em R$ 3.341.003,51, com estimativa de preju\u00edzo evitado que supera o valor de trinta milh\u00f5es de reais. Os envolvidos responder\u00e3o pelos crimes de Organiza\u00e7\u00e3o, Estelionato majorado, Falsifica\u00e7\u00e3o de documento p\u00fablico, Uso de documento falso e Lavagem de capitais cujas penas somadas podem ultrapassar 35 anos de pris\u00e3o em regime fechado.<\/p>\n<p style=\"text-align: justify;\">O nome da opera\u00e7\u00e3o faz refer\u00eancia a artigos de luxo, nos quais o criador imprime sua marca, tornando-os exclusivos e de alto valor agregado. No caso, os principais investigados s\u00e3o pessoas da mesma fam\u00edlia que j\u00e1 foram alvos de investiga\u00e7\u00e3o anterior com o mesmo objeto, sendo essa, pois, a \u201cmarca\u201d da fam\u00edlia (fraudadores previdenci\u00e1rios), e tamb\u00e9m pelo fato do grupo criminoso estar lavando dinheiro atrav\u00e9s de empresas de artigos de luxo. Foto: Divulga\u00e7\u00e3o\/PF.<\/p>\n<p style=\"text-align: justify;\">\u00a0Siga o Instagram do Blog @blogdoedvaldomagalhaes<\/p>\n","protected":false},"excerpt":{"rendered":"<p>A Pol\u00edcia Federal deflagrou na manh\u00e3 desta ter\u00e7a-feira (28\/02\/2023), a Opera\u00e7\u00e3o GRIFE, para cumprimento de 05 Mandados de Pris\u00e3o Preventiva,&hellip;<\/p>\n","protected":false},"author":1,"featured_media":93427,"comment_status":"closed","ping_status":"open","sticky":false,"template":"","format":"standard","meta":{"footnotes":""},"categories":[14121],"tags":[2,19532,3406,26881],"class_list":["post-93426","post","type-post","status-publish","format-standard","has-post-thumbnail","hentry","category-policial","tag-blog-do-edvaldo-magalhaes","tag-blog-mais-acessado-e-visualizado-de-caruaru-e-regiao","tag-caruaru","tag-pf-desarticula-organizacao-criminosa-que-fraudava-beneficios-previdenciarios-utilizando-idosos-de-aluguel"],"_links":{"self":[{"href":"https:\/\/blogdoedvaldomagalhaes.com.br\/index.php\/wp-json\/wp\/v2\/posts\/93426","targetHints":{"allow":["GET"]}}],"collection":[{"href":"https:\/\/blogdoedvaldomagalhaes.com.br\/index.php\/wp-json\/wp\/v2\/posts"}],"about":[{"href":"https:\/\/blogdoedvaldomagalhaes.com.br\/index.php\/wp-json\/wp\/v2\/types\/post"}],"author":[{"embeddable":true,"href":"https:\/\/blogdoedvaldomagalhaes.com.br\/index.php\/wp-json\/wp\/v2\/users\/1"}],"replies":[{"embeddable":true,"href":"https:\/\/blogdoedvaldomagalhaes.com.br\/index.php\/wp-json\/wp\/v2\/comments?post=93426"}],"version-history":[{"count":1,"href":"https:\/\/blogdoedvaldomagalhaes.com.br\/index.php\/wp-json\/wp\/v2\/posts\/93426\/revisions"}],"predecessor-version":[{"id":93428,"href":"https:\/\/blogdoedvaldomagalhaes.com.br\/index.php\/wp-json\/wp\/v2\/posts\/93426\/revisions\/93428"}],"wp:featuredmedia":[{"embeddable":true,"href":"https:\/\/blogdoedvaldomagalhaes.com.br\/index.php\/wp-json\/wp\/v2\/media\/93427"}],"wp:attachment":[{"href":"https:\/\/blogdoedvaldomagalhaes.com.br\/index.php\/wp-json\/wp\/v2\/media?parent=93426"}],"wp:term":[{"taxonomy":"category","embeddable":true,"href":"https:\/\/blogdoedvaldomagalhaes.com.br\/index.php\/wp-json\/wp\/v2\/categories?post=93426"},{"taxonomy":"post_tag","embeddable":true,"href":"https:\/\/blogdoedvaldomagalhaes.com.br\/index.php\/wp-json\/wp\/v2\/tags?post=93426"}],"curies":[{"name":"wp","href":"https:\/\/api.w.org\/{rel}","templated":true}]}}