{"id":9331,"date":"2016-06-13T19:52:00","date_gmt":"2016-06-13T22:52:00","guid":{"rendered":"http:\/\/blogdoedvaldomagalhaes.com.br\/index.php\/2016\/06\/13\/secretarios-de-saude-da-regiao-estarao\/"},"modified":"2019-02-09T00:42:58","modified_gmt":"2019-02-09T02:42:58","slug":"secretarios-de-saude-da-regiao-estarao","status":"publish","type":"post","link":"https:\/\/blogdoedvaldomagalhaes.com.br\/index.php\/2016\/06\/13\/secretarios-de-saude-da-regiao-estarao\/","title":{"rendered":"Secret\u00e1rios de Sa\u00fade da regi\u00e3o estar\u00e3o em Caruaru nesta ter\u00e7a-feira"},"content":{"rendered":"<div style=\"background-color: white; color: #222222; font-family: arial, sans-serif; font-size: 12.8px;\">\n<div style=\"text-align: center;\">\n<\/div>\n<\/div>\n<div style=\"background-color: white; color: #222222; font-family: arial, sans-serif; font-size: 12.8px;\">\n<div class=\"MsoNormal\" style=\"margin-bottom: 0.0001pt; text-align: justify;\">\nOs Secret\u00e1rios de Sa\u00fade dos 32 munic\u00edpios que comp\u00f5em a IV Ger\u00eancia Regional de Sa\u00fade (Geres), com sede em Caruaru, participam, nesta ter\u00e7a-feira (14.06), de uma mobiliza\u00e7\u00e3o para incentivar a doa\u00e7\u00e3o de sangue. A a\u00e7\u00e3o ter\u00e1 in\u00edcio \u00e0s 8h, na sede da Geres, localizada na Rua Estilac Leal, S\/N \u2013 Salgado.<\/div>\n<div class=\"MsoNormal\" style=\"margin-bottom: 0.0001pt; text-align: justify;\">\n<\/div>\n<div class=\"MsoNormal\" style=\"margin-bottom: 0.0001pt; text-align: justify;\">\n<\/div>\n<div class=\"MsoNormal\" style=\"margin-bottom: 0.0001pt; text-align: justify;\">\nNo local, o Hemope de Caruaru montar\u00e1 uma infraestrutura espec\u00edfica para captar sangue dos secret\u00e1rios e servidores presentes. A expectativa \u00e9 que todos os secret\u00e1rios possam doar, al\u00e9m dos servidores da Geres. A expectativa \u00e9 captar, no total, cerca de 80 bolsas de sangue, e aumentar em 15% o estoque.<\/div>\n<div class=\"MsoNormal\" style=\"margin-bottom: 0.0001pt; text-align: justify;\">\n<\/div>\n<div class=\"separator\" style=\"clear: both; text-align: center;\">\n<a href=\"https:\/\/3.bp.blogspot.com\/-tY-kidWT9X4\/V18AiZZxoSI\/AAAAAAAAAKU\/rzwUhopsA3wTJBmTVaNixDO1qjuOF5SaQCLcB\/s1600\/doar-sangue.jpg\" imageanchor=\"1\" style=\"margin-left: 1em; margin-right: 1em;\"><img loading=\"lazy\" decoding=\"async\" border=\"0\" height=\"187\" src=\"http:\/\/blogdoedvaldomagalhaes.com.br\/wp-content\/uploads\/2016\/06\/doar-sangue.jpg\" width=\"320\" \/><\/a><\/div>\n<div class=\"MsoNormal\" style=\"margin-bottom: 0.0001pt; text-align: justify;\">\n<\/div>\n<div class=\"MsoNormal\" style=\"margin-bottom: 0.0001pt; text-align: justify;\">\n<\/div>\n<div class=\"MsoNormal\" style=\"margin-bottom: 0.0001pt; text-align: justify;\">\nO Hemope de Caruaru atende 61 unidades hospitalares da IV Regional, al\u00e9m de algumas Geres mais pr\u00f3ximas. Por m\u00eas, a unidade libera mais de 2,5 mil bolsas de sangue para transfus\u00f5es.&nbsp;<\/div>\n<div class=\"MsoNormal\" style=\"margin-bottom: 0.0001pt; text-align: justify;\">\n<\/div>\n<div class=\"MsoNormal\" style=\"margin-bottom: 0.0001pt; text-align: justify;\">\n<\/div>\n<div class=\"MsoNormal\" style=\"margin-bottom: 0.0001pt; text-align: justify;\">\nAp\u00f3s a doa\u00e7\u00e3o, os secret\u00e1rios participar\u00e3o de uma reuni\u00e3o da Comiss\u00e3o Intergestores Regionais (CIR), que discutir\u00e1, entre os temas, a import\u00e2ncia do papel dos gestores para ampliar os estoques de sangue para o Hemope. &#8221; Vamos discutir estrat\u00e9gias para fortalecer a participa\u00e7\u00e3o dos munic\u00edpios no nesse trabalho, estreitando o contato entre os gestores municipais e Hemope, por meio, principalmente, do projeto Parceiro Solid\u00e1rio, no qual os munic\u00edpios fazem a capta\u00e7\u00e3o dos doadores e fa\u00e7am a marca\u00e7\u00e3o da doa\u00e7\u00e3o\u201d, finalizou Djair Ferreira, gerente da IV Geres.&nbsp;<\/div>\n<div class=\"MsoNormal\" style=\"margin-bottom: 0.0001pt; text-align: justify;\">\n<\/div>\n<div class=\"separator\" style=\"clear: both; text-align: center;\">\n<a href=\"http:\/\/blogdoedvaldomagalhaes.com.br\/wp-content\/uploads\/2016\/06\/djairferreira.png\" imageanchor=\"1\" style=\"margin-left: 1em; margin-right: 1em;\"><img decoding=\"async\" border=\"0\" src=\"http:\/\/blogdoedvaldomagalhaes.com.br\/wp-content\/uploads\/2016\/06\/djairferreira.png\" \/><\/a><\/div>\n<div class=\"MsoNormal\" style=\"margin-bottom: 0.0001pt; text-align: justify;\">\n<\/div>\n<div class=\"MsoNormal\" style=\"margin-bottom: 0.0001pt; text-align: justify;\">\n<\/div>\n<div>\n<\/div>\n<\/div>\n","protected":false},"excerpt":{"rendered":"<p>Os Secret\u00e1rios de Sa\u00fade dos 32 munic\u00edpios que comp\u00f5em a IV Ger\u00eancia Regional de Sa\u00fade (Geres), com sede em Caruaru,&hellip;<\/p>\n","protected":false},"author":1,"featured_media":0,"comment_status":"open","ping_status":"open","sticky":false,"template":"","format":"standard","meta":{"footnotes":""},"categories":[1],"tags":[3406,6460,7512,8438,2252,14098],"class_list":["post-9331","post","type-post","status-publish","format-standard","hentry","category-sem-categoria","tag-caruaru","tag-djair-ferreira","tag-hemope","tag-iv-geres","tag-noticia","tag-secretarios-municipais-de-saude"],"_links":{"self":[{"href":"https:\/\/blogdoedvaldomagalhaes.com.br\/index.php\/wp-json\/wp\/v2\/posts\/9331","targetHints":{"allow":["GET"]}}],"collection":[{"href":"https:\/\/blogdoedvaldomagalhaes.com.br\/index.php\/wp-json\/wp\/v2\/posts"}],"about":[{"href":"https:\/\/blogdoedvaldomagalhaes.com.br\/index.php\/wp-json\/wp\/v2\/types\/post"}],"author":[{"embeddable":true,"href":"https:\/\/blogdoedvaldomagalhaes.com.br\/index.php\/wp-json\/wp\/v2\/users\/1"}],"replies":[{"embeddable":true,"href":"https:\/\/blogdoedvaldomagalhaes.com.br\/index.php\/wp-json\/wp\/v2\/comments?post=9331"}],"version-history":[{"count":1,"href":"https:\/\/blogdoedvaldomagalhaes.com.br\/index.php\/wp-json\/wp\/v2\/posts\/9331\/revisions"}],"predecessor-version":[{"id":9359,"href":"https:\/\/blogdoedvaldomagalhaes.com.br\/index.php\/wp-json\/wp\/v2\/posts\/9331\/revisions\/9359"}],"wp:attachment":[{"href":"https:\/\/blogdoedvaldomagalhaes.com.br\/index.php\/wp-json\/wp\/v2\/media?parent=9331"}],"wp:term":[{"taxonomy":"category","embeddable":true,"href":"https:\/\/blogdoedvaldomagalhaes.com.br\/index.php\/wp-json\/wp\/v2\/categories?post=9331"},{"taxonomy":"post_tag","embeddable":true,"href":"https:\/\/blogdoedvaldomagalhaes.com.br\/index.php\/wp-json\/wp\/v2\/tags?post=9331"}],"curies":[{"name":"wp","href":"https:\/\/api.w.org\/{rel}","templated":true}]}}