{"id":9317,"date":"2016-06-15T09:00:00","date_gmt":"2016-06-15T12:00:00","guid":{"rendered":"http:\/\/blogdoedvaldomagalhaes.com.br\/index.php\/2016\/06\/15\/conselho-de-etica-aprova-pedido-de\/"},"modified":"2019-02-09T00:43:09","modified_gmt":"2019-02-09T02:43:09","slug":"conselho-de-etica-aprova-pedido-de","status":"publish","type":"post","link":"https:\/\/blogdoedvaldomagalhaes.com.br\/index.php\/2016\/06\/15\/conselho-de-etica-aprova-pedido-de\/","title":{"rendered":"Conselho de \u00c9tica aprova pedido de cassa\u00e7\u00e3o do mandato de Cunha"},"content":{"rendered":"<div class=\"article-text \" itemprop=\"articleBody\" style=\"display: inline;\">\n<div style=\"text-align: justify;\">\n<div style=\"line-height: 115%; margin: 0cm 0cm 0.0001pt;\">\nAp\u00f3s cerca de oito meses de tramita\u00e7\u00e3o, o processo mais longo do<br \/>\nConselho de \u00c9tica chegou ao fim nesta ter\u00e7a-feira (14.06) com a aprova\u00e7\u00e3o do<br \/>\npedido de cassa\u00e7\u00e3o do deputado afastado Eduardo Cunha (PMDB-RJ). Em vota\u00e7\u00e3o<br \/>\nnominal, a maioria dos deputados concluiu que Cunha mentiu \u00e0 extinta CPI da<br \/>\nPetrobras sobre possuir contas no exterior. O resultado foi decidido pela<br \/>\ndeputada Tia Eron (PRB-BA), voto considerado incerto at\u00e9 momentos antes da<br \/>\nvota\u00e7\u00e3o. Com o apoio de Eron ao relat\u00f3rio de Marcos Rog\u00e9rio (DEM-RO), Cunha<br \/>\nperdeu por 11 votos a nove. &#8220;N\u00e3o posso absolver o representado. Quero<br \/>\nvotar sim com o relat\u00f3rio&#8221;, disse Tia Eron.<\/div>\n<div style=\"line-height: 115%; margin: 0cm 0cm 0.0001pt;\">\n<\/div>\n<div style=\"line-height: 115%; margin: 0cm 0cm 0.0001pt;\">\nA vota\u00e7\u00e3o sofreu uma reviravolta com o voto de Wladimir Costa<br \/>\n(SD-PA), aliado de Cunha, que votou a favor da cassa\u00e7\u00e3o do peemedebista.<br \/>\nMomentos antes do an\u00fancio da deputada Tia Eron, ele ainda fazia a defesa do<br \/>\npresidente afastado da C\u00e2mara, afirmando que ele foi o grande respons\u00e1vel pelo<br \/>\nprocesso de impeachment da presidente Dilma Rousseff e chamando os petistas de<br \/>\n&#8220;vagabundos&#8221;. Antes de Costa mudar de voto, a expectativa era de que<br \/>\nEron poderia empatar o placar em 10 a 10. O voto de minerva ficaria favor da<br \/>\nperda de mandato de Cunha viria do presidente do Conselho, Jos\u00e9 Carlos Ara\u00fajo<br \/>\n(PR-BA), o que acabou n\u00e3o sendo necess\u00e1rio.<\/div>\n<div style=\"line-height: 115%; margin: 0cm 0cm 0.0001pt;\">\n<\/div>\n<div style=\"line-height: 115%; margin: 0cm 0cm 0.0001pt;\">\nDurante sua exposi\u00e7\u00e3o final, Rog\u00e9rio rejeitou a possibilidade de<br \/>\naditamento ao processo e o voto em separado que pedia apenas uma suspens\u00e3o do<br \/>\nmandato por 90 dias, mantendo assim a \u00edntegra de seu parecer. Reafirmando que<br \/>\nas provas contra Cunha s\u00e3o robustas e fartas, ele disse que o peemedebista \u00e9 o<br \/>\ntitular de contas na Su\u00ed\u00e7a, as quais tentou camuflar. &#8220;As provas est\u00e3o a\u00ed,<br \/>\nbasta olhar sobre essa mesa o conjunto dos autos&#8221;, declarou o relator, que<br \/>\nchamou a engenharia financeira montada por Cunha de &#8220;verdadeira<br \/>\nlaranjada&#8221;. &#8220;Estamos diante de uma fraude, de uma simula\u00e7\u00e3o, de<br \/>\nlaranjas de luxo criados para esconder a exist\u00eancia de contas&#8221;, emendou o<br \/>\ndeputado.<\/div>\n<div style=\"line-height: 115%; margin: 0cm 0cm 0.0001pt;\">\n<\/div>\n<div style=\"line-height: 115%; margin: 0cm 0cm 0.0001pt;\">\nRog\u00e9rio defendeu que o processo disciplinar \u00e9 t\u00e9cnico e \u00e9tico.<br \/>\n&#8220;Creio que a \u00fanica san\u00e7\u00e3o aplic\u00e1vel \u00e9 a perda do mandato&#8221;, insistiu.<br \/>\nO relator falou que o esc\u00e2ndalo \u00e9 o maior que o colegiado j\u00e1 julgou, uma<br \/>\n&#8220;trama para mascarar uma sucess\u00e3o de crimes&#8221;. Segundo o relator,<br \/>\nCunha mentiu para atacar a Procuradoria Geral da Rep\u00fablica e usou a CPI da<br \/>\nPetrobras no ano passado para barrar as investiga\u00e7\u00f5es. &#8220;Ele mentiu e<br \/>\nomitiu informa\u00e7\u00f5es relevantes \u00e0 C\u00e2mara&#8221;, reiterou.<\/div>\n<div style=\"line-height: 115%; margin: 0cm 0cm 0.0001pt;\">\n<\/div>\n<div style=\"line-height: 115%; margin: 0cm 0cm 0.0001pt;\">\n\u00daltimo a falar na sess\u00e3o, o advogado Marcelo Nobre disse que nas<br \/>\n90 p\u00e1ginas do parecer n\u00e3o havia provas de contas de Cunha no exterior.<br \/>\n&#8220;Cad\u00ea o n\u00famero da conta do meu cliente? N\u00e3o me venha com pirotecnia. Eu n\u00e3o<br \/>\npreciso de 90 p\u00e1ginas, eu preciso de uma linha&#8221;, discursou. O defensor de<br \/>\nCunha repetiu que dela\u00e7\u00e3o n\u00e3o faz prova contra o deputado e que ele n\u00e3o era<br \/>\nobrigado a declarar o truste. &#8220;O que tem acontecido aqui \u00e9 linchamento.<br \/>\nCondenar sem provas \u00e9 linchamento&#8221;, afirmou.<\/div>\n<div style=\"line-height: 115%; margin: 0cm 0cm 0.0001pt;\">\n<\/div>\n<div style=\"line-height: 115%; margin: 0cm 0cm 0.0001pt;\">\nCom a decis\u00e3o do colegiado, a defesa de Cunha possui cinco dias<br \/>\n\u00fateis para recorrer da decis\u00e3o \u00e0 Comiss\u00e3o de Constitui\u00e7\u00e3o, Justi\u00e7a e Cidadania<br \/>\n(CCJ). A comiss\u00e3o n\u00e3o analisa o m\u00e9rito do que foi aprovado pelo conselho,<br \/>\napenas discute v\u00edcios regimentais apontados pelo representado. Assim que o<br \/>\nrecurso chegar \u00e0 CCJ, ele tranca a pauta e um relator ser\u00e1 nomeado para<br \/>\napresentar um parecer sobre seus questionamentos. Se a comiss\u00e3o entender que<br \/>\nhouve algum erro procedimental, pode solicitar que o Conselho o corrija.<br \/>\nDepois, caso o recurso de Cunha n\u00e3o for aceito, o processo segue para o<br \/>\nplen\u00e1rio da Casa.<\/div>\n<div style=\"line-height: 115%; margin: 0cm 0cm 0.0001pt;\">\n<\/div>\n<p><\/p>\n<div style=\"line-height: 115%; margin: 0cm 0cm 0.0001pt;\">\nBetinho Gomes (PSDB-PE) disse que o processo se tornou<br \/>\n&#8220;angustiante&#8221;. &#8220;Qualquer um em s\u00e3 consci\u00eancia, se fosse depender<br \/>\nnaturalmente do senso da popula\u00e7\u00e3o brasileira, que observa a pol\u00edtica hoje,<br \/>\ncertamente a solu\u00e7\u00e3o n\u00e3o seria outra que n\u00e3o a cassa\u00e7\u00e3o de Eduardo Cunha. Me<br \/>\nparece que esse \u00e9 o desejo da sociedade, n\u00e3o por querer vingan\u00e7a, mas porque<br \/>\nCunha \u00e9 um pol\u00edtico corrupto e ser\u00e1 julgado e provavelmente condenado e preso.<br \/>\nDiante dos fatos, me parece que n\u00e3o poderia haver outra solu\u00e7\u00e3o que n\u00e3o a<br \/>\naprova\u00e7\u00e3o desse relat\u00f3rio, ao n\u00e3o cumprirmos nosso papel, deixa de ter sentido<br \/>\nesse conselho, essa casa est\u00e1 em xeque, est\u00e1 merecedora de desconfian\u00e7a.&#8221;<\/div>\n<div style=\"line-height: 115%; margin: 0cm 0cm 0.0001pt;\">\n<\/div>\n<\/div>\n<div class=\"separator\" style=\"clear: both; text-align: center;\">\n<a href=\"https:\/\/2.bp.blogspot.com\/-b-zEUZfz9Hk\/V2DJUsw1jtI\/AAAAAAAAAPA\/H_P8Luf3ZjkD95uSwrzDRE1Az_0d67KnACLcB\/s1600\/EduardoCunha.jpg\" imageanchor=\"1\" style=\"margin-left: 1em; margin-right: 1em;\"><img loading=\"lazy\" decoding=\"async\" border=\"0\" height=\"160\" src=\"http:\/\/blogdoedvaldomagalhaes.com.br\/wp-content\/uploads\/2016\/06\/EduardoCunha.jpg\" width=\"320\" \/><\/a><\/div>\n<p><\/div>\n","protected":false},"excerpt":{"rendered":"<p>Ap\u00f3s cerca de oito meses de tramita\u00e7\u00e3o, o processo mais longo do Conselho de \u00c9tica chegou ao fim nesta ter\u00e7a-feira&hellip;<\/p>\n","protected":false},"author":1,"featured_media":0,"comment_status":"open","ping_status":"open","sticky":false,"template":"","format":"standard","meta":{"footnotes":""},"categories":[1],"tags":[8546,14088,13580,20],"class_list":["post-9317","post","type-post","status-publish","format-standard","hentry","category-sem-categoria","tag-camara-dos-deputados","tag-conselho-de-etica","tag-eduardo-cunha","tag-politica"],"_links":{"self":[{"href":"https:\/\/blogdoedvaldomagalhaes.com.br\/index.php\/wp-json\/wp\/v2\/posts\/9317","targetHints":{"allow":["GET"]}}],"collection":[{"href":"https:\/\/blogdoedvaldomagalhaes.com.br\/index.php\/wp-json\/wp\/v2\/posts"}],"about":[{"href":"https:\/\/blogdoedvaldomagalhaes.com.br\/index.php\/wp-json\/wp\/v2\/types\/post"}],"author":[{"embeddable":true,"href":"https:\/\/blogdoedvaldomagalhaes.com.br\/index.php\/wp-json\/wp\/v2\/users\/1"}],"replies":[{"embeddable":true,"href":"https:\/\/blogdoedvaldomagalhaes.com.br\/index.php\/wp-json\/wp\/v2\/comments?post=9317"}],"version-history":[{"count":1,"href":"https:\/\/blogdoedvaldomagalhaes.com.br\/index.php\/wp-json\/wp\/v2\/posts\/9317\/revisions"}],"predecessor-version":[{"id":9389,"href":"https:\/\/blogdoedvaldomagalhaes.com.br\/index.php\/wp-json\/wp\/v2\/posts\/9317\/revisions\/9389"}],"wp:attachment":[{"href":"https:\/\/blogdoedvaldomagalhaes.com.br\/index.php\/wp-json\/wp\/v2\/media?parent=9317"}],"wp:term":[{"taxonomy":"category","embeddable":true,"href":"https:\/\/blogdoedvaldomagalhaes.com.br\/index.php\/wp-json\/wp\/v2\/categories?post=9317"},{"taxonomy":"post_tag","embeddable":true,"href":"https:\/\/blogdoedvaldomagalhaes.com.br\/index.php\/wp-json\/wp\/v2\/tags?post=9317"}],"curies":[{"name":"wp","href":"https:\/\/api.w.org\/{rel}","templated":true}]}}