{"id":9316,"date":"2016-06-15T10:00:00","date_gmt":"2016-06-15T13:00:00","guid":{"rendered":"http:\/\/blogdoedvaldomagalhaes.com.br\/index.php\/2016\/06\/15\/consul-geral-dos-eua-no-recife-profere\/"},"modified":"2019-02-09T00:43:10","modified_gmt":"2019-02-09T02:43:10","slug":"consul-geral-dos-eua-no-recife-profere","status":"publish","type":"post","link":"https:\/\/blogdoedvaldomagalhaes.com.br\/index.php\/2016\/06\/15\/consul-geral-dos-eua-no-recife-profere\/","title":{"rendered":"C\u00f4nsul-geral dos EUA no Recife profere palestra na Alepe"},"content":{"rendered":"<div class=\"MsoNormal\">\n<div class=\"MsoNormal\" style=\"line-height: 115%; text-align: justify;\">\nNessa ter\u00e7a-feira (14.06), parlamentares, servidores legislativos<br \/>\ne convidados participaram da palestra \u201cSistema Eleitoral Americano\u201d, proferida<br \/>\npelo C\u00f4nsul-geral dos Estados Unidos da Am\u00e9rica (EUA) no Recife, Richard<br \/>\nReiter, no Plen\u00e1rio do Pal\u00e1cio Joaquim Nabuco.&nbsp;<\/div>\n<\/div>\n<div class=\"MsoNormal\" style=\"text-align: justify;\">\n<\/div>\n<div class=\"separator\" style=\"clear: both; text-align: center;\">\n<a href=\"https:\/\/1.bp.blogspot.com\/-O0dHhFPq2uo\/V2DFbjhwFZI\/AAAAAAAAAOo\/y5ucStcNuvsvPXY4gyf9FldGWz-S5AiCwCLcB\/s1600\/consul%2B1.jpg\" imageanchor=\"1\" style=\"margin-left: 1em; margin-right: 1em;\"><img loading=\"lazy\" decoding=\"async\" border=\"0\" height=\"320\" src=\"http:\/\/blogdoedvaldomagalhaes.com.br\/wp-content\/uploads\/2016\/06\/consul1.jpg\" width=\"213\" \/><\/a><\/div>\n<div class=\"MsoNormal\">\n<\/div>\n<div class=\"MsoNormal\" style=\"text-align: justify;\">\n<div class=\"MsoNormal\">\nO C\u00f4nsul-geral<br \/>\nRichard Reiter explicou as normas que orientam a escolha do presidente dos EUA,<br \/>\nevidenciando o car\u00e1ter regionalizado da corrida pela presid\u00eancia<br \/>\nnorte-americana como o principal tra\u00e7o distintivo entre a disputa pela Casa<br \/>\nBranca e pelo Pal\u00e1cio do Planalto.&nbsp;Segundo o diplomata, a \u201crule number<br \/>\none\u201d (regra n\u00famero um) para entender o pleito americano \u00e9 que n\u00e3o existe<br \/>\nelei\u00e7\u00e3o nacional, mas sim v\u00e1rias elei\u00e7\u00f5es estaduais. Isso acontece porque cada<br \/>\nunidade da federa\u00e7\u00e3o, isoladamente, representa uma quantidade de votos para o<br \/>\ncandidato vencedor, proporcional ao seu n\u00famero de habitantes. Os maiores<br \/>\nestados, como Calif\u00f3rnia, Texas, Fl\u00f3rida e Nova Iorque, somados, significam 209<br \/>\ndos 270 votos necess\u00e1rios para eleger um presidente. As campanhas, por conta disso,<br \/>\ns\u00e3o focadas nos estados, sobretudo naqueles considerados estrat\u00e9gicos \u2013 onde a<br \/>\nprefer\u00eancia do eleitorado costuma oscilar entre os partidos.<\/div>\n<\/div>\n<div class=\"MsoNormal\">\n<\/div>\n<div class=\"separator\" style=\"clear: both; text-align: center;\">\n<a href=\"https:\/\/3.bp.blogspot.com\/-rGkCujMHzlc\/V2DFjHEz96I\/AAAAAAAAAOw\/DX_WTiPP6EswJ88C-fXhTYgo_GAHAt7AwCLcB\/s1600\/consul.jpg\" imageanchor=\"1\" style=\"margin-left: 1em; margin-right: 1em;\"><img loading=\"lazy\" decoding=\"async\" border=\"0\" height=\"213\" src=\"http:\/\/blogdoedvaldomagalhaes.com.br\/wp-content\/uploads\/2016\/06\/consul.jpg\" width=\"320\" \/><\/a><\/div>\n<div class=\"MsoNormal\">\n<\/div>\n<div class=\"MsoNormal\" style=\"text-align: justify;\">\n<div class=\"MsoNormal\" style=\"line-height: 115%;\">\nRichard Reiter citou outras diferen\u00e7as entre o<br \/>\nsistema pol\u00edtico estadunidense e o brasileiro e mencionou que as pr\u00e9vias nos<br \/>\npartidos tamb\u00e9m s\u00e3o mais longas, caras e importantes na corrida presidencial<br \/>\nnos EUA. Assim como na elei\u00e7\u00e3o propriamente dita, os filiados escolhem seus<br \/>\ncandidatos estado a estado, o que tamb\u00e9m intensifica o cunho regionalizado das<br \/>\ncampanhas prim\u00e1rias. \u201cS\u00e3o as leis estaduais que regulam todo o processo. N\u00e3o<br \/>\nexiste lei federal sobre as elei\u00e7\u00f5es\u201d, ressaltou o c\u00f4nsul.<\/div>\n<\/div>\n<p><\/p>\n<div class=\"MsoNormal\">\n<\/div>\n","protected":false},"excerpt":{"rendered":"<p>Nessa ter\u00e7a-feira (14.06), parlamentares, servidores legislativos e convidados participaram da palestra \u201cSistema Eleitoral Americano\u201d, proferida pelo C\u00f4nsul-geral dos Estados Unidos&hellip;<\/p>\n","protected":false},"author":1,"featured_media":0,"comment_status":"open","ping_status":"open","sticky":false,"template":"","format":"standard","meta":{"footnotes":""},"categories":[1],"tags":[4150,14086,20,3983,14087],"class_list":["post-9316","post","type-post","status-publish","format-standard","hentry","category-sem-categoria","tag-alepe","tag-eua","tag-politica","tag-recife","tag-richard-reiter"],"_links":{"self":[{"href":"https:\/\/blogdoedvaldomagalhaes.com.br\/index.php\/wp-json\/wp\/v2\/posts\/9316","targetHints":{"allow":["GET"]}}],"collection":[{"href":"https:\/\/blogdoedvaldomagalhaes.com.br\/index.php\/wp-json\/wp\/v2\/posts"}],"about":[{"href":"https:\/\/blogdoedvaldomagalhaes.com.br\/index.php\/wp-json\/wp\/v2\/types\/post"}],"author":[{"embeddable":true,"href":"https:\/\/blogdoedvaldomagalhaes.com.br\/index.php\/wp-json\/wp\/v2\/users\/1"}],"replies":[{"embeddable":true,"href":"https:\/\/blogdoedvaldomagalhaes.com.br\/index.php\/wp-json\/wp\/v2\/comments?post=9316"}],"version-history":[{"count":1,"href":"https:\/\/blogdoedvaldomagalhaes.com.br\/index.php\/wp-json\/wp\/v2\/posts\/9316\/revisions"}],"predecessor-version":[{"id":9392,"href":"https:\/\/blogdoedvaldomagalhaes.com.br\/index.php\/wp-json\/wp\/v2\/posts\/9316\/revisions\/9392"}],"wp:attachment":[{"href":"https:\/\/blogdoedvaldomagalhaes.com.br\/index.php\/wp-json\/wp\/v2\/media?parent=9316"}],"wp:term":[{"taxonomy":"category","embeddable":true,"href":"https:\/\/blogdoedvaldomagalhaes.com.br\/index.php\/wp-json\/wp\/v2\/categories?post=9316"},{"taxonomy":"post_tag","embeddable":true,"href":"https:\/\/blogdoedvaldomagalhaes.com.br\/index.php\/wp-json\/wp\/v2\/tags?post=9316"}],"curies":[{"name":"wp","href":"https:\/\/api.w.org\/{rel}","templated":true}]}}