{"id":9307,"date":"2016-06-15T16:30:00","date_gmt":"2016-06-15T19:30:00","guid":{"rendered":"http:\/\/blogdoedvaldomagalhaes.com.br\/index.php\/2016\/06\/15\/vereador-desfere-agudas-alfinetadas-na\/"},"modified":"2019-02-09T00:43:16","modified_gmt":"2019-02-09T02:43:16","slug":"vereador-desfere-agudas-alfinetadas-na","status":"publish","type":"post","link":"https:\/\/blogdoedvaldomagalhaes.com.br\/index.php\/2016\/06\/15\/vereador-desfere-agudas-alfinetadas-na\/","title":{"rendered":"Vereador desfere agudas alfinetadas na Prefeitura de Caruaru"},"content":{"rendered":"<div style=\"text-align: justify;\">\n<div class=\"MsoNormal\">\nO vereador Jaj\u00e1 (PSDC) usou a tribuna no 1\u00ba expediente da 34\u00aa<br \/>\nreuni\u00e3o p\u00fablica ordin\u00e1ria da 4\u00aa sess\u00e3o legislativa, realizada na noite dessa<br \/>\nter\u00e7a-feira (14.06), e mais uma vez, desferiu agudas alfinetadas na Prefeitura<br \/>\nde Caruaru. Jaj\u00e1 falou da visita de inspe\u00e7\u00e3o que ele e o vereador Gilberto de<br \/>\nDora (PSDB), l\u00edder da oposi\u00e7\u00e3o na C\u00e2mara, fizeram na quinta-feira passada<br \/>\n(09.06) a escolas da zona rural para checar den\u00fancias relativas \u00e0 merenda<br \/>\nescolar e a conseguinte visita \u00e0 Secretaria de Educa\u00e7\u00e3o para obter respostas.<br \/>\n\u201cN\u00e3o queriam que a gente visse o dep\u00f3sito. A alimenta\u00e7\u00e3o que tinha ali n\u00e3o dava<br \/>\npara um dia e s\u00e3o 134 escolas no munic\u00edpio\u201d, disse o vereador. A falta de<br \/>\nmerenda, de acordo com Jaj\u00e1 se tornou evidente na visita \u00e0 Escola Jos\u00e9 Clemente<br \/>\nde Souza, no S\u00edtio Cachoeira Seca: \u201cAs crian\u00e7as est\u00e3o passando fome! Na semana<br \/>\npassada foram liberadas mais cedo porque n\u00e3o tinha para comer, a despensa<br \/>\nvazia\u201d, declarou o edil.<\/div>\n<\/div>\n<div style=\"text-align: justify;\">\n<\/div>\n<div class=\"separator\" style=\"clear: both; text-align: center;\">\n<a href=\"https:\/\/2.bp.blogspot.com\/-2xLu9Oqw05M\/V2F4JqON5FI\/AAAAAAAAAQo\/u3kuO0k1BO0YnXxKi_Xr1MlEn7fnOXFLACLcB\/s1600\/jaj%25C3%25A1.jpg\" imageanchor=\"1\" style=\"margin-left: 1em; margin-right: 1em;\"><img loading=\"lazy\" decoding=\"async\" border=\"0\" height=\"239\" src=\"http:\/\/blogdoedvaldomagalhaes.com.br\/wp-content\/uploads\/2016\/06\/jajC3A1.jpg\" width=\"320\" \/><\/a><\/div>\n<div class=\"separator\" style=\"clear: both; text-align: center;\">\n<\/div>\n<div class=\"separator\" style=\"clear: both; text-align: left;\">\nFonte: AscomC\u00e2mara<\/div>\n<div style=\"text-align: justify;\">\n<\/div>\n","protected":false},"excerpt":{"rendered":"<p>O vereador Jaj\u00e1 (PSDC) usou a tribuna no 1\u00ba expediente da 34\u00aa reuni\u00e3o p\u00fablica ordin\u00e1ria da 4\u00aa sess\u00e3o legislativa, realizada&hellip;<\/p>\n","protected":false},"author":1,"featured_media":0,"comment_status":"open","ping_status":"open","sticky":false,"template":"","format":"standard","meta":{"footnotes":""},"categories":[1],"tags":[4476,5551,12456,20,141,1951,12457,11733],"class_list":["post-9307","post","type-post","status-publish","format-standard","hentry","category-sem-categoria","tag-camara-de-vereadores-de-caruaru","tag-gilberto-de-dora","tag-jaja","tag-politica","tag-prefeitura-de-caruaru","tag-psdb","tag-psdc","tag-secretaria-de-educacao"],"_links":{"self":[{"href":"https:\/\/blogdoedvaldomagalhaes.com.br\/index.php\/wp-json\/wp\/v2\/posts\/9307","targetHints":{"allow":["GET"]}}],"collection":[{"href":"https:\/\/blogdoedvaldomagalhaes.com.br\/index.php\/wp-json\/wp\/v2\/posts"}],"about":[{"href":"https:\/\/blogdoedvaldomagalhaes.com.br\/index.php\/wp-json\/wp\/v2\/types\/post"}],"author":[{"embeddable":true,"href":"https:\/\/blogdoedvaldomagalhaes.com.br\/index.php\/wp-json\/wp\/v2\/users\/1"}],"replies":[{"embeddable":true,"href":"https:\/\/blogdoedvaldomagalhaes.com.br\/index.php\/wp-json\/wp\/v2\/comments?post=9307"}],"version-history":[{"count":1,"href":"https:\/\/blogdoedvaldomagalhaes.com.br\/index.php\/wp-json\/wp\/v2\/posts\/9307\/revisions"}],"predecessor-version":[{"id":9409,"href":"https:\/\/blogdoedvaldomagalhaes.com.br\/index.php\/wp-json\/wp\/v2\/posts\/9307\/revisions\/9409"}],"wp:attachment":[{"href":"https:\/\/blogdoedvaldomagalhaes.com.br\/index.php\/wp-json\/wp\/v2\/media?parent=9307"}],"wp:term":[{"taxonomy":"category","embeddable":true,"href":"https:\/\/blogdoedvaldomagalhaes.com.br\/index.php\/wp-json\/wp\/v2\/categories?post=9307"},{"taxonomy":"post_tag","embeddable":true,"href":"https:\/\/blogdoedvaldomagalhaes.com.br\/index.php\/wp-json\/wp\/v2\/tags?post=9307"}],"curies":[{"name":"wp","href":"https:\/\/api.w.org\/{rel}","templated":true}]}}