{"id":9306,"date":"2016-06-15T17:00:00","date_gmt":"2016-06-15T20:00:00","guid":{"rendered":"http:\/\/blogdoedvaldomagalhaes.com.br\/index.php\/2016\/06\/15\/vereadores-de-caruaru-se-dividem-sobre\/"},"modified":"2019-02-09T00:43:17","modified_gmt":"2019-02-09T02:43:17","slug":"vereadores-de-caruaru-se-dividem-sobre","status":"publish","type":"post","link":"https:\/\/blogdoedvaldomagalhaes.com.br\/index.php\/2016\/06\/15\/vereadores-de-caruaru-se-dividem-sobre\/","title":{"rendered":"Forr\u00f3 da Macambira divide Vereadores de Caruaru"},"content":{"rendered":"<div style=\"margin-bottom: .0001pt; margin: 0cm; text-align: justify;\">\n<div style=\"margin: 0cm 0cm 0.0001pt;\">\nO<br \/>\nex-Governador de Pernambuco, Jo\u00e3o Lyra Neto (PSDB) e a Deputada Estadual Raquel<br \/>\nLyra (PSDB), realizam na pr\u00f3xima sexta-feira (17.06), o tradicional Forr\u00f3 da<br \/>\nMacambira, em Terra Vermelha, zona rural de Caruaru, reunindo Familiares,<br \/>\nAmigos e pol\u00edticos.<\/div>\n<div style=\"margin: 0cm 0cm 0.0001pt;\">\n<\/div>\n<div style=\"margin: 0cm 0cm 0.0001pt;\">\nDos<br \/>\n23 Vereadores de Caruaru, 08 v\u00e3o a festa s\u00e3o; &nbsp;Gilberto de Dora (PSDB),<br \/>\nDuda do Vassoural (PSDC), Jaj\u00e1 (PSDC), Dem\u00f3stenes Veras (PP), Ranilson Santos<br \/>\n(PDT), Carlos Santos (PRB), Rodrigues da Ceaca (PRTB) e Tenente Tib\u00facio (PMN). Os edis Louro do Ju\u00e1 (PMDB)<br \/>\ne Romildo Oscar (PTN) disseram que se forem convidados, v\u00e3o comparecer.<\/div>\n<div style=\"margin: 0cm 0cm 0.0001pt;\">\n<\/div>\n<div style=\"margin: 0cm 0cm 0.0001pt;\">\nOs<br \/>\nVereadores que n\u00e3o v\u00e3o a festa s\u00e3o: Lula Torres (PDT), Nino do Rap (PSDC),<br \/>\nCec\u00edlio Pedro (PMDB), Edjailson da Caruforr\u00f3 (PRTB), Marcelo Gomes (PSB),<br \/>\nRozael do Divin\u00f3polis (PRTB)&nbsp;&nbsp;e Ricardo Liberato<br \/>\n(PDT). Palavras de Ricardo &#8221; onde &nbsp;n\u00e3o cabe o prefeito Jos\u00e9 Queiroz,<br \/>\ntamb\u00e9m n\u00e3o me cabe\u201d.<\/div>\n<div style=\"margin: 0cm 0cm 0.0001pt; text-align: start;\">\n<\/div>\n<p><\/p>\n<div style=\"margin: 0cm 0cm 0.0001pt;\">\nN\u00e3o<br \/>\nsabem se v\u00e3o comparecer: Leonardo Chaves (PDT), Jos\u00e9 Ailton(PDT), Edmilson do<br \/>\nSalgado (PCdoB) e Heleno do Inocoop (PRTB).<\/div>\n<\/div>\n<div>\n<\/div>\n<div class=\"separator\" style=\"clear: both; text-align: center;\">\n<a href=\"https:\/\/4.bp.blogspot.com\/-P-O7FnRPvyU\/V2F9Ya6mqwI\/AAAAAAAAARg\/jIOB2TcY94ou9GKjZqV6KEJBMQK72U0dwCKgB\/s1600\/c%25C3%25A2mara.jpg\" imageanchor=\"1\" style=\"margin-left: 1em; margin-right: 1em;\"><img loading=\"lazy\" decoding=\"async\" border=\"0\" height=\"179\" src=\"http:\/\/blogdoedvaldomagalhaes.com.br\/wp-content\/uploads\/2016\/06\/cC3A2mara.jpg\" width=\"320\" \/><\/a><\/div>\n<div>\n<\/div>\n<div>\n<\/div>\n","protected":false},"excerpt":{"rendered":"<p>O ex-Governador de Pernambuco, Jo\u00e3o Lyra Neto (PSDB) e a Deputada Estadual Raquel Lyra (PSDB), realizam na pr\u00f3xima sexta-feira (17.06),&hellip;<\/p>\n","protected":false},"author":1,"featured_media":0,"comment_status":"open","ping_status":"open","sticky":false,"template":"","format":"standard","meta":{"footnotes":""},"categories":[1],"tags":[4476,14047,2567,20,1951,1229],"class_list":["post-9306","post","type-post","status-publish","format-standard","hentry","category-sem-categoria","tag-camara-de-vereadores-de-caruaru","tag-forro-da-macambira","tag-joao-lyra-neto","tag-politica","tag-psdb","tag-raquel-lyra"],"_links":{"self":[{"href":"https:\/\/blogdoedvaldomagalhaes.com.br\/index.php\/wp-json\/wp\/v2\/posts\/9306","targetHints":{"allow":["GET"]}}],"collection":[{"href":"https:\/\/blogdoedvaldomagalhaes.com.br\/index.php\/wp-json\/wp\/v2\/posts"}],"about":[{"href":"https:\/\/blogdoedvaldomagalhaes.com.br\/index.php\/wp-json\/wp\/v2\/types\/post"}],"author":[{"embeddable":true,"href":"https:\/\/blogdoedvaldomagalhaes.com.br\/index.php\/wp-json\/wp\/v2\/users\/1"}],"replies":[{"embeddable":true,"href":"https:\/\/blogdoedvaldomagalhaes.com.br\/index.php\/wp-json\/wp\/v2\/comments?post=9306"}],"version-history":[{"count":1,"href":"https:\/\/blogdoedvaldomagalhaes.com.br\/index.php\/wp-json\/wp\/v2\/posts\/9306\/revisions"}],"predecessor-version":[{"id":9411,"href":"https:\/\/blogdoedvaldomagalhaes.com.br\/index.php\/wp-json\/wp\/v2\/posts\/9306\/revisions\/9411"}],"wp:attachment":[{"href":"https:\/\/blogdoedvaldomagalhaes.com.br\/index.php\/wp-json\/wp\/v2\/media?parent=9306"}],"wp:term":[{"taxonomy":"category","embeddable":true,"href":"https:\/\/blogdoedvaldomagalhaes.com.br\/index.php\/wp-json\/wp\/v2\/categories?post=9306"},{"taxonomy":"post_tag","embeddable":true,"href":"https:\/\/blogdoedvaldomagalhaes.com.br\/index.php\/wp-json\/wp\/v2\/tags?post=9306"}],"curies":[{"name":"wp","href":"https:\/\/api.w.org\/{rel}","templated":true}]}}