{"id":9305,"date":"2016-06-15T17:30:00","date_gmt":"2016-06-15T20:30:00","guid":{"rendered":"http:\/\/blogdoedvaldomagalhaes.com.br\/index.php\/2016\/06\/15\/vereadores-so-entram-nas-escolas-se\/"},"modified":"2019-02-09T00:43:18","modified_gmt":"2019-02-09T02:43:18","slug":"vereadores-so-entram-nas-escolas-se","status":"publish","type":"post","link":"https:\/\/blogdoedvaldomagalhaes.com.br\/index.php\/2016\/06\/15\/vereadores-so-entram-nas-escolas-se\/","title":{"rendered":"Vereadores s\u00f3 entram nas escolas se tiverem pr\u00e9via autoriza\u00e7\u00e3o"},"content":{"rendered":"<div style=\"text-align: justify;\">\nO vereador Louro<br \/>\n        do Ju\u00e1 (PMDB)<br \/>\n        usou da palavra no 1\u00ba expediente da 34\u00aa reuni\u00e3o p\u00fablica<br \/>\n        ordin\u00e1ria da 4\u00aa sess\u00e3o<br \/>\n        legislativa, realizada ontem (14), e engrossou o coro das<br \/>\n        cr\u00edticas \u00e0 PMC. O<br \/>\n        vereador disse que recebeu a informa\u00e7\u00e3o que nenhum vereador ou<br \/>\n        comiss\u00e3o<br \/>\n        parlamentar vai poder entrar em qualquer escola do munic\u00edpio sem<br \/>\n        pr\u00e9via<br \/>\n        autoriza\u00e7\u00e3o da Secretaria de Educa\u00e7\u00e3o. \u201cIsso \u00e9 uma ditadura!\u201d,<br \/>\n        trovejou Louro.<br \/>\n        O vereador Jaj\u00e1 (PSDC) reagiu indignado \u00e0 informa\u00e7\u00e3o e disse que<br \/>\n        vai solicitar<br \/>\n        um of\u00edcio para que as pol\u00edcias civil e militar passem a<br \/>\n        acompanhar os<br \/>\n        vereadores nessas inspe\u00e7\u00f5es.&nbsp;<\/div>\n<div style=\"text-align: justify;\">\n<\/div>\n<div class=\"separator\" style=\"clear: both; text-align: center;\">\n<a href=\"https:\/\/2.bp.blogspot.com\/-5rhSXJaBjqo\/V2F5OCefCsI\/AAAAAAAAAQ0\/uK33Gwy5PIYT6Me8FjqZb79dMXncVBqsgCLcB\/s1600\/louro%2Bdo%2Bju%25C3%25A1.jpg\" imageanchor=\"1\" style=\"margin-left: 1em; margin-right: 1em;\"><img loading=\"lazy\" decoding=\"async\" border=\"0\" height=\"239\" src=\"http:\/\/blogdoedvaldomagalhaes.com.br\/wp-content\/uploads\/2016\/06\/lourodojuC3A1.jpg\" width=\"320\" \/><\/a><\/div>\n<div style=\"text-align: justify;\">\n<\/div>\n<div style=\"text-align: justify;\">\nFonte: Ascom\/C\u00e2mara<\/div>\n","protected":false},"excerpt":{"rendered":"<p>O vereador Louro do Ju\u00e1 (PMDB) usou da palavra no 1\u00ba expediente da 34\u00aa reuni\u00e3o p\u00fablica ordin\u00e1ria da 4\u00aa sess\u00e3o&hellip;<\/p>\n","protected":false},"author":1,"featured_media":0,"comment_status":"open","ping_status":"open","sticky":false,"template":"","format":"standard","meta":{"footnotes":""},"categories":[1],"tags":[4476,13982,20,12457],"class_list":["post-9305","post","type-post","status-publish","format-standard","hentry","category-sem-categoria","tag-camara-de-vereadores-de-caruaru","tag-louro-do-jua","tag-politica","tag-psdc"],"_links":{"self":[{"href":"https:\/\/blogdoedvaldomagalhaes.com.br\/index.php\/wp-json\/wp\/v2\/posts\/9305","targetHints":{"allow":["GET"]}}],"collection":[{"href":"https:\/\/blogdoedvaldomagalhaes.com.br\/index.php\/wp-json\/wp\/v2\/posts"}],"about":[{"href":"https:\/\/blogdoedvaldomagalhaes.com.br\/index.php\/wp-json\/wp\/v2\/types\/post"}],"author":[{"embeddable":true,"href":"https:\/\/blogdoedvaldomagalhaes.com.br\/index.php\/wp-json\/wp\/v2\/users\/1"}],"replies":[{"embeddable":true,"href":"https:\/\/blogdoedvaldomagalhaes.com.br\/index.php\/wp-json\/wp\/v2\/comments?post=9305"}],"version-history":[{"count":1,"href":"https:\/\/blogdoedvaldomagalhaes.com.br\/index.php\/wp-json\/wp\/v2\/posts\/9305\/revisions"}],"predecessor-version":[{"id":9413,"href":"https:\/\/blogdoedvaldomagalhaes.com.br\/index.php\/wp-json\/wp\/v2\/posts\/9305\/revisions\/9413"}],"wp:attachment":[{"href":"https:\/\/blogdoedvaldomagalhaes.com.br\/index.php\/wp-json\/wp\/v2\/media?parent=9305"}],"wp:term":[{"taxonomy":"category","embeddable":true,"href":"https:\/\/blogdoedvaldomagalhaes.com.br\/index.php\/wp-json\/wp\/v2\/categories?post=9305"},{"taxonomy":"post_tag","embeddable":true,"href":"https:\/\/blogdoedvaldomagalhaes.com.br\/index.php\/wp-json\/wp\/v2\/tags?post=9305"}],"curies":[{"name":"wp","href":"https:\/\/api.w.org\/{rel}","templated":true}]}}