{"id":9304,"date":"2016-06-15T18:30:00","date_gmt":"2016-06-15T21:30:00","guid":{"rendered":"http:\/\/blogdoedvaldomagalhaes.com.br\/index.php\/2016\/06\/15\/vereador-denuncia-falta-de-merenda-nas\/"},"modified":"2019-02-09T00:43:18","modified_gmt":"2019-02-09T02:43:18","slug":"vereador-denuncia-falta-de-merenda-nas","status":"publish","type":"post","link":"https:\/\/blogdoedvaldomagalhaes.com.br\/index.php\/2016\/06\/15\/vereador-denuncia-falta-de-merenda-nas\/","title":{"rendered":"Vereador denuncia falta de merenda nas escolas da zona rural"},"content":{"rendered":"<div style=\"text-align: justify;\">\nO l\u00edder da<br \/>\n        oposi\u00e7\u00e3o, vereador<br \/>\n        Gilberto de Dora (PSDB), ao discursar no 1\u00ba expediente da 34\u00aa<br \/>\n        reuni\u00e3o p\u00fablica<br \/>\n        ordin\u00e1ria da 4\u00aa sess\u00e3o legislativa, realizada nesta ter\u00e7a-feira (14.06),<br \/>\n        abordou as<br \/>\n        den\u00fancias sobre a falta de merenda nas escolas da zona rural e<br \/>\n        falou da visita<br \/>\n        que ele fez, junto com o vereador Jaj\u00e1 (PSDC), \u00e0 Secretaria de<br \/>\n        Educa\u00e7\u00e3o do<br \/>\n        munic\u00edpio para apurar as informa\u00e7\u00f5es. \u201cA secret\u00e1ria executiva<br \/>\n        n\u00e3o permitiu que<br \/>\n        n\u00f3s visit\u00e1ssemos o almoxarifado. Um funcion\u00e1rio de l\u00e1 me ligou<br \/>\n        \u00e0s 18h e me<br \/>\n        disse que ela fez uma \u2018limpeza\u2019 no almoxarifado e retirou todos<br \/>\n        os alimentos<br \/>\n        vencidos para que n\u00e3o v\u00edssemos\u201d, declarou Gilberto. O vereador<br \/>\n        falou ainda que<br \/>\n        a secret\u00e1ria teria dito que a falta de merenda em algumas<br \/>\n        escolas estaria<br \/>\n        ocorrendo por motivo de roubo. \u201cIsso \u00e9 muito grave, precisa ser<br \/>\n        investigado\u201d,<br \/>\n        afirmou o vereador.<\/div>\n<div style=\"text-align: justify;\">\n<\/div>\n<div class=\"separator\" style=\"clear: both; text-align: center;\">\n<a href=\"https:\/\/4.bp.blogspot.com\/-chgQeqspfoo\/V2F5318EM2I\/AAAAAAAAAQ8\/eOYPnEUYuEo7ZL_AhTOwoH56JKlkWMbKQCLcB\/s1600\/gilberto%2Bde%2Bdora.jpg\" imageanchor=\"1\" style=\"margin-left: 1em; margin-right: 1em;\"><img loading=\"lazy\" decoding=\"async\" border=\"0\" height=\"239\" src=\"http:\/\/blogdoedvaldomagalhaes.com.br\/wp-content\/uploads\/2016\/06\/gilbertodedora.jpg\" width=\"320\" \/><\/a><\/div>\n<div class=\"separator\" style=\"clear: both; text-align: center;\">\n<\/div>\n<div style=\"text-align: justify;\">\nFonte: Ascom\/C\u00e2mara<\/div>\n","protected":false},"excerpt":{"rendered":"<p>O l\u00edder da oposi\u00e7\u00e3o, vereador Gilberto de Dora (PSDB), ao discursar no 1\u00ba expediente da 34\u00aa reuni\u00e3o p\u00fablica ordin\u00e1ria da&hellip;<\/p>\n","protected":false},"author":1,"featured_media":0,"comment_status":"open","ping_status":"open","sticky":false,"template":"","format":"standard","meta":{"footnotes":""},"categories":[1],"tags":[8686,5551,20,1951,11733],"class_list":["post-9304","post","type-post","status-publish","format-standard","hentry","category-sem-categoria","tag-camara-municipal-de-caruaru","tag-gilberto-de-dora","tag-politica","tag-psdb","tag-secretaria-de-educacao"],"_links":{"self":[{"href":"https:\/\/blogdoedvaldomagalhaes.com.br\/index.php\/wp-json\/wp\/v2\/posts\/9304","targetHints":{"allow":["GET"]}}],"collection":[{"href":"https:\/\/blogdoedvaldomagalhaes.com.br\/index.php\/wp-json\/wp\/v2\/posts"}],"about":[{"href":"https:\/\/blogdoedvaldomagalhaes.com.br\/index.php\/wp-json\/wp\/v2\/types\/post"}],"author":[{"embeddable":true,"href":"https:\/\/blogdoedvaldomagalhaes.com.br\/index.php\/wp-json\/wp\/v2\/users\/1"}],"replies":[{"embeddable":true,"href":"https:\/\/blogdoedvaldomagalhaes.com.br\/index.php\/wp-json\/wp\/v2\/comments?post=9304"}],"version-history":[{"count":1,"href":"https:\/\/blogdoedvaldomagalhaes.com.br\/index.php\/wp-json\/wp\/v2\/posts\/9304\/revisions"}],"predecessor-version":[{"id":9415,"href":"https:\/\/blogdoedvaldomagalhaes.com.br\/index.php\/wp-json\/wp\/v2\/posts\/9304\/revisions\/9415"}],"wp:attachment":[{"href":"https:\/\/blogdoedvaldomagalhaes.com.br\/index.php\/wp-json\/wp\/v2\/media?parent=9304"}],"wp:term":[{"taxonomy":"category","embeddable":true,"href":"https:\/\/blogdoedvaldomagalhaes.com.br\/index.php\/wp-json\/wp\/v2\/categories?post=9304"},{"taxonomy":"post_tag","embeddable":true,"href":"https:\/\/blogdoedvaldomagalhaes.com.br\/index.php\/wp-json\/wp\/v2\/tags?post=9304"}],"curies":[{"name":"wp","href":"https:\/\/api.w.org\/{rel}","templated":true}]}}