{"id":9303,"date":"2016-06-15T19:30:00","date_gmt":"2016-06-15T22:30:00","guid":{"rendered":"http:\/\/blogdoedvaldomagalhaes.com.br\/index.php\/2016\/06\/15\/governador-paulo-camara-volta-caruaru\/"},"modified":"2019-02-09T00:43:19","modified_gmt":"2019-02-09T02:43:19","slug":"governador-paulo-camara-volta-caruaru","status":"publish","type":"post","link":"https:\/\/blogdoedvaldomagalhaes.com.br\/index.php\/2016\/06\/15\/governador-paulo-camara-volta-caruaru\/","title":{"rendered":"Governador Paulo C\u00e2mara volta \u00e0 Caruaru para inaugura\u00e7\u00f5es"},"content":{"rendered":"<div style=\"text-align: justify;\">\nO Governador de Pernambuco, Paulo C\u00e2mara (PSB), que esteve em Caruaru na abertura do S\u00e3o Jo\u00e3o, no \u00faltimo dia 04 de Junho, volta a cidade nesta quinta-feira (16.06). C\u00e2mara, vai assinar uma Ordem de Servi\u00e7o para in\u00edcio da constru\u00e7\u00e3o do Sistema do Pirangi, que vai refor\u00e7ar o Prata e garantir abastecimento em v\u00e1rias cidades da Regi\u00e3o. O governador tamb\u00e9m inaugura Esta\u00e7\u00e3o depara &nbsp;Tratamento no bairro Petr\u00f3polis. O hor\u00e1rio est\u00e1 marcado para \u00e0s 15h30, Na ocasi\u00e3o, Paulo C\u00e2mara vai inaugurar a Estrada da Vila Murici, que foi constru\u00edda com recursos do Fundo Especial dos Munic\u00edpio (FEM), a solenidade est\u00e1 prevista para come\u00e7ar \u00e1s 17h na zona rural do munic\u00edpio.&nbsp;<\/div>\n<div style=\"text-align: justify;\">\n<\/div>\n<div class=\"separator\" style=\"clear: both; text-align: center;\">\n<a href=\"https:\/\/1.bp.blogspot.com\/-5Aw8EmBpPfQ\/V2F76lYYMmI\/AAAAAAAAARM\/b7rMCS55VNwio1QfChsHjQ6WMMieHgYCQCLcB\/s1600\/paulo%2Bc%25C3%25A2mara.jpg\" imageanchor=\"1\" style=\"margin-left: 1em; margin-right: 1em;\"><img loading=\"lazy\" decoding=\"async\" border=\"0\" height=\"167\" src=\"http:\/\/blogdoedvaldomagalhaes.com.br\/wp-content\/uploads\/2016\/06\/paulocC3A2mara.jpg\" width=\"320\" \/><\/a><\/div>\n<div style=\"text-align: justify;\">\n<\/div>\n","protected":false},"excerpt":{"rendered":"<p>O Governador de Pernambuco, Paulo C\u00e2mara (PSB), que esteve em Caruaru na abertura do S\u00e3o Jo\u00e3o, no \u00faltimo dia 04&hellip;<\/p>\n","protected":false},"author":1,"featured_media":0,"comment_status":"open","ping_status":"open","sticky":false,"template":"","format":"standard","meta":{"footnotes":""},"categories":[1],"tags":[3406,4521,999,20,381,6758,12079],"class_list":["post-9303","post","type-post","status-publish","format-standard","hentry","category-sem-categoria","tag-caruaru","tag-compesa","tag-paulo-camara","tag-politica","tag-psb","tag-sao-joao","tag-vila-murici"],"_links":{"self":[{"href":"https:\/\/blogdoedvaldomagalhaes.com.br\/index.php\/wp-json\/wp\/v2\/posts\/9303","targetHints":{"allow":["GET"]}}],"collection":[{"href":"https:\/\/blogdoedvaldomagalhaes.com.br\/index.php\/wp-json\/wp\/v2\/posts"}],"about":[{"href":"https:\/\/blogdoedvaldomagalhaes.com.br\/index.php\/wp-json\/wp\/v2\/types\/post"}],"author":[{"embeddable":true,"href":"https:\/\/blogdoedvaldomagalhaes.com.br\/index.php\/wp-json\/wp\/v2\/users\/1"}],"replies":[{"embeddable":true,"href":"https:\/\/blogdoedvaldomagalhaes.com.br\/index.php\/wp-json\/wp\/v2\/comments?post=9303"}],"version-history":[{"count":1,"href":"https:\/\/blogdoedvaldomagalhaes.com.br\/index.php\/wp-json\/wp\/v2\/posts\/9303\/revisions"}],"predecessor-version":[{"id":9417,"href":"https:\/\/blogdoedvaldomagalhaes.com.br\/index.php\/wp-json\/wp\/v2\/posts\/9303\/revisions\/9417"}],"wp:attachment":[{"href":"https:\/\/blogdoedvaldomagalhaes.com.br\/index.php\/wp-json\/wp\/v2\/media?parent=9303"}],"wp:term":[{"taxonomy":"category","embeddable":true,"href":"https:\/\/blogdoedvaldomagalhaes.com.br\/index.php\/wp-json\/wp\/v2\/categories?post=9303"},{"taxonomy":"post_tag","embeddable":true,"href":"https:\/\/blogdoedvaldomagalhaes.com.br\/index.php\/wp-json\/wp\/v2\/tags?post=9303"}],"curies":[{"name":"wp","href":"https:\/\/api.w.org\/{rel}","templated":true}]}}