{"id":93001,"date":"2023-02-13T14:26:12","date_gmt":"2023-02-13T17:26:12","guid":{"rendered":"https:\/\/blogdoedvaldomagalhaes.com.br\/?p=93001"},"modified":"2023-02-13T14:35:28","modified_gmt":"2023-02-13T17:35:28","slug":"vereador-mauricio-caruaru-acompanha-obras-de-calcamento-no-bairro-sao-jose-1","status":"publish","type":"post","link":"https:\/\/blogdoedvaldomagalhaes.com.br\/index.php\/2023\/02\/13\/vereador-mauricio-caruaru-acompanha-obras-de-calcamento-no-bairro-sao-jose-1\/","title":{"rendered":"Vereador Mauricio Caruaru acompanha obras de cal\u00e7amento no bairro S\u00e3o Jos\u00e9 1"},"content":{"rendered":"<p style=\"text-align: justify;\">O vereador Maur\u00edcio Caruaru, acompanha o andamento das obras de cal\u00e7amento no bairro S\u00e3o Jos\u00e9 1. Os servi\u00e7os que est\u00e3o sendo realizados pela Administra\u00e7\u00e3o Municipal s\u00e3o frutos de solicita\u00e7\u00e3o do parlamentar, visando a melhoria da qualidade de vida dos moradores do local.<\/p>\n<p style=\"text-align: justify;\">\u201cFiz a solicita\u00e7\u00e3o ao Poder Executivo, atendendo moradores do bairro e hoje vemos a obra sendo realizada \u00e0 todo vapor. A<span style=\"font-size: revert; color: initial;\"> obra atender\u00e1 as reivindica\u00e7\u00f5es dos moradores e proporcionar\u00e1 uma valoriza\u00e7\u00e3o do bairro. \u00c9 uma obra importante, pois \u00e9 uma grande benfeitoria que est\u00e1 sendo proporcionada aos moradores que, por anos, tiveram que conviver com a poeira e o barro\u201d, concluiu Maur\u00edcio Caruaru.<\/span><\/p>\n\n\n<figure class=\"wp-block-image size-large\"><img loading=\"lazy\" decoding=\"async\" width=\"1024\" height=\"768\" src=\"https:\/\/blogdoedvaldomagalhaes.com.br\/wp-content\/uploads\/2023\/02\/IMG-20230213-WA0105-1024x768.jpg\" alt=\"\" class=\"wp-image-93006\" srcset=\"https:\/\/blogdoedvaldomagalhaes.com.br\/wp-content\/uploads\/2023\/02\/IMG-20230213-WA0105-1024x768.jpg 1024w, https:\/\/blogdoedvaldomagalhaes.com.br\/wp-content\/uploads\/2023\/02\/IMG-20230213-WA0105-300x225.jpg 300w, https:\/\/blogdoedvaldomagalhaes.com.br\/wp-content\/uploads\/2023\/02\/IMG-20230213-WA0105-768x576.jpg 768w, https:\/\/blogdoedvaldomagalhaes.com.br\/wp-content\/uploads\/2023\/02\/IMG-20230213-WA0105-1536x1152.jpg 1536w, https:\/\/blogdoedvaldomagalhaes.com.br\/wp-content\/uploads\/2023\/02\/IMG-20230213-WA0105-160x120.jpg 160w, https:\/\/blogdoedvaldomagalhaes.com.br\/wp-content\/uploads\/2023\/02\/IMG-20230213-WA0105.jpg 1600w\" sizes=\"auto, (max-width: 1024px) 100vw, 1024px\" \/><\/figure>\n\n\n\n<figure class=\"wp-block-image size-large\"><img loading=\"lazy\" decoding=\"async\" width=\"1024\" height=\"768\" src=\"https:\/\/blogdoedvaldomagalhaes.com.br\/wp-content\/uploads\/2023\/02\/IMG-20230213-WA0106-1024x768.jpg\" alt=\"\" class=\"wp-image-93007\" srcset=\"https:\/\/blogdoedvaldomagalhaes.com.br\/wp-content\/uploads\/2023\/02\/IMG-20230213-WA0106-1024x768.jpg 1024w, https:\/\/blogdoedvaldomagalhaes.com.br\/wp-content\/uploads\/2023\/02\/IMG-20230213-WA0106-300x225.jpg 300w, https:\/\/blogdoedvaldomagalhaes.com.br\/wp-content\/uploads\/2023\/02\/IMG-20230213-WA0106-768x576.jpg 768w, https:\/\/blogdoedvaldomagalhaes.com.br\/wp-content\/uploads\/2023\/02\/IMG-20230213-WA0106-1536x1152.jpg 1536w, https:\/\/blogdoedvaldomagalhaes.com.br\/wp-content\/uploads\/2023\/02\/IMG-20230213-WA0106-160x120.jpg 160w, https:\/\/blogdoedvaldomagalhaes.com.br\/wp-content\/uploads\/2023\/02\/IMG-20230213-WA0106.jpg 1600w\" sizes=\"auto, (max-width: 1024px) 100vw, 1024px\" \/><figcaption class=\"wp-element-caption\">Fotos: Divulga\u00e7\u00e3o <\/figcaption><\/figure>\n","protected":false},"excerpt":{"rendered":"<p>O vereador Maur\u00edcio Caruaru, acompanha o andamento das obras de cal\u00e7amento no bairro S\u00e3o Jos\u00e9 1. Os servi\u00e7os que est\u00e3o&hellip;<\/p>\n","protected":false},"author":1,"featured_media":93002,"comment_status":"closed","ping_status":"open","sticky":false,"template":"","format":"standard","meta":{"footnotes":""},"categories":[14122],"tags":[2,19532,3406,26785],"class_list":["post-93001","post","type-post","status-publish","format-standard","has-post-thumbnail","hentry","category-politica","tag-blog-do-edvaldo-magalhaes","tag-blog-mais-acessado-e-visualizado-de-caruaru-e-regiao","tag-caruaru","tag-vereador-mauricio-caruaru-acompanha-obras-de-calcamento-no-bairro-sao-jose-1"],"_links":{"self":[{"href":"https:\/\/blogdoedvaldomagalhaes.com.br\/index.php\/wp-json\/wp\/v2\/posts\/93001","targetHints":{"allow":["GET"]}}],"collection":[{"href":"https:\/\/blogdoedvaldomagalhaes.com.br\/index.php\/wp-json\/wp\/v2\/posts"}],"about":[{"href":"https:\/\/blogdoedvaldomagalhaes.com.br\/index.php\/wp-json\/wp\/v2\/types\/post"}],"author":[{"embeddable":true,"href":"https:\/\/blogdoedvaldomagalhaes.com.br\/index.php\/wp-json\/wp\/v2\/users\/1"}],"replies":[{"embeddable":true,"href":"https:\/\/blogdoedvaldomagalhaes.com.br\/index.php\/wp-json\/wp\/v2\/comments?post=93001"}],"version-history":[{"count":3,"href":"https:\/\/blogdoedvaldomagalhaes.com.br\/index.php\/wp-json\/wp\/v2\/posts\/93001\/revisions"}],"predecessor-version":[{"id":93008,"href":"https:\/\/blogdoedvaldomagalhaes.com.br\/index.php\/wp-json\/wp\/v2\/posts\/93001\/revisions\/93008"}],"wp:featuredmedia":[{"embeddable":true,"href":"https:\/\/blogdoedvaldomagalhaes.com.br\/index.php\/wp-json\/wp\/v2\/media\/93002"}],"wp:attachment":[{"href":"https:\/\/blogdoedvaldomagalhaes.com.br\/index.php\/wp-json\/wp\/v2\/media?parent=93001"}],"wp:term":[{"taxonomy":"category","embeddable":true,"href":"https:\/\/blogdoedvaldomagalhaes.com.br\/index.php\/wp-json\/wp\/v2\/categories?post=93001"},{"taxonomy":"post_tag","embeddable":true,"href":"https:\/\/blogdoedvaldomagalhaes.com.br\/index.php\/wp-json\/wp\/v2\/tags?post=93001"}],"curies":[{"name":"wp","href":"https:\/\/api.w.org\/{rel}","templated":true}]}}