{"id":93,"date":"2019-01-29T10:52:00","date_gmt":"2019-01-29T12:52:00","guid":{"rendered":"http:\/\/blogdoedvaldomagalhaes.com.br\/index.php\/2019\/01\/29\/camara-de-vereadores-aprova-emenda\/"},"modified":"2019-02-09T02:51:16","modified_gmt":"2019-02-09T04:51:16","slug":"camara-de-vereadores-aprova-emenda","status":"publish","type":"post","link":"https:\/\/blogdoedvaldomagalhaes.com.br\/index.php\/2019\/01\/29\/camara-de-vereadores-aprova-emenda\/","title":{"rendered":"C\u00e2mara de vereadores aprova emenda proposta pela prefeita Raquel Lyra de extens\u00e3o da licen\u00e7a-maternidade aos servidores p\u00fablicos"},"content":{"rendered":"<p><\/p>\n<div class=\"separator\" style=\"clear: both; text-align: center;\">\n<a href=\"https:\/\/2.bp.blogspot.com\/-WFDjGB5WZog\/XFAwTEUVmKI\/AAAAAAABBwc\/_qjpacxDCvUFnunGsXkgAjBNhCX81bjCQCLcBGAs\/s1600\/aprovada.png\" imageanchor=\"1\" style=\"margin-left: 1em; margin-right: 1em;\"><img loading=\"lazy\" decoding=\"async\" border=\"0\" data-original-height=\"600\" data-original-width=\"600\" height=\"640\" src=\"http:\/\/blogdoedvaldomagalhaes.com.br\/wp-content\/uploads\/2019\/01\/aprovada.png\" width=\"640\" \/><\/a><\/div>\n<div class=\"MsoNormal\" style=\"background: white; line-height: normal; margin-bottom: .0001pt; margin-bottom: 0cm; text-align: justify;\">\n<\/div>\n<div class=\"MsoNormal\" style=\"background: white; line-height: normal; margin-bottom: .0001pt; margin-bottom: 0cm; text-align: justify;\">\nA C\u00e2mara Municipal de Caruaru aprovou<br \/>\nemenda organizacional proposta pelo Poder Executivo, atrav\u00e9s da prefeita Raquel<br \/>\nLyra, que estende o benef\u00edcio de 180 dias da licen\u00e7a-maternidade e 15 dias para<br \/>\nlicen\u00e7a-paternidade a todos os servidores comissionados, efetivos e contratados<br \/>\ntemporariamente.<\/div>\n<div class=\"MsoNormal\" style=\"background: white; line-height: normal; margin-bottom: .0001pt; margin-bottom: 0cm; text-align: justify;\">\n<\/div>\n<div class=\"MsoNormal\" style=\"background: white; line-height: normal; margin-bottom: .0001pt; margin-bottom: 0cm; text-align: justify;\">\nAntes da aprova\u00e7\u00e3o, os servidores<br \/>\ncontratados precisavam ter pelo menos um ano de contrato e seis meses de<br \/>\ntrabalho para ter direito \u00e0s licen\u00e7as. J\u00e1 para os servidores comissionados, era<br \/>\nnecess\u00e1rio comprovar pelo menos seis meses de exerc\u00edcio. A emenda altera a Lei<br \/>\nOrg\u00e2nica de Caruaru neste sentido.<\/div>\n<div class=\"MsoNormal\" style=\"background: white; line-height: normal; margin-bottom: .0001pt; margin-bottom: 0cm; text-align: justify;\">\n<\/div>\n<div class=\"MsoNormal\" style=\"background: white; line-height: normal; margin-bottom: .0001pt; margin-bottom: 0cm; text-align: justify;\">\n\u201cA prefeita Raquel Lyra sempre teve<br \/>\numa aten\u00e7\u00e3o especial \u00e0 fam\u00edlia. Este projeto visa preservar a integridade da<br \/>\ncrian\u00e7a e assegurar o contato familiar durante o per\u00edodo m\u00ednimo de amamenta\u00e7\u00e3o,<br \/>\nque \u00e9 de seis meses, conforme orienta\u00e7\u00e3o da Organiza\u00e7\u00e3o Mundial de Sa\u00fade,<br \/>\nMinist\u00e9rio da Sa\u00fade e Sociedade Brasileira de Pediatria\u201d, destacou o secret\u00e1rio<br \/>\nde Administra\u00e7\u00e3o, Henrique Oliveira.<\/div>\n<div class=\"MsoNormal\" style=\"background: white; line-height: normal; margin-bottom: .0001pt; margin-bottom: 0cm; text-align: justify;\">\n<\/div>\n<div class=\"MsoNormal\" style=\"background: white; line-height: normal; margin-bottom: .0001pt; margin-bottom: 0cm; text-align: justify;\">\nA proposta assegura de forma vigorosa<br \/>\na garantia do direito da crian\u00e7a \u00e0s condi\u00e7\u00f5es m\u00ednimas que o seu crescimento e<br \/>\ndesenvolvimento requerem, propiciando as mudan\u00e7as necess\u00e1rias \u00e0 conscientiza\u00e7\u00e3o<br \/>\ne evolu\u00e7\u00e3o social. No entanto, o \u00eaxito de seu desenvolvimento depende de<br \/>\nin\u00fameros fatores e, dentre eles, o adequado v\u00ednculo familiar que a tornar\u00e1 um<br \/>\nadulto saud\u00e1vel em sentido pleno.<\/div>\n<div class=\"MsoNormal\">\n<\/div>\n<p><\/p>\n","protected":false},"excerpt":{"rendered":"<p>A C\u00e2mara Municipal de Caruaru aprovou emenda organizacional proposta pelo Poder Executivo, atrav\u00e9s da prefeita Raquel Lyra, que estende o&hellip;<\/p>\n","protected":false},"author":1,"featured_media":0,"comment_status":"open","ping_status":"open","sticky":false,"template":"","format":"standard","meta":{"footnotes":""},"categories":[1],"tags":[2,97,20],"class_list":["post-93","post","type-post","status-publish","format-standard","hentry","category-sem-categoria","tag-blog-do-edvaldo-magalhaes","tag-camara-de-vereadores-aprova-emenda-proposta-pela-prefeita-raquel-lyra-de-extensao-da-licenca-maternidade-aos-servidores-publicos","tag-politica"],"_links":{"self":[{"href":"https:\/\/blogdoedvaldomagalhaes.com.br\/index.php\/wp-json\/wp\/v2\/posts\/93","targetHints":{"allow":["GET"]}}],"collection":[{"href":"https:\/\/blogdoedvaldomagalhaes.com.br\/index.php\/wp-json\/wp\/v2\/posts"}],"about":[{"href":"https:\/\/blogdoedvaldomagalhaes.com.br\/index.php\/wp-json\/wp\/v2\/types\/post"}],"author":[{"embeddable":true,"href":"https:\/\/blogdoedvaldomagalhaes.com.br\/index.php\/wp-json\/wp\/v2\/users\/1"}],"replies":[{"embeddable":true,"href":"https:\/\/blogdoedvaldomagalhaes.com.br\/index.php\/wp-json\/wp\/v2\/comments?post=93"}],"version-history":[{"count":1,"href":"https:\/\/blogdoedvaldomagalhaes.com.br\/index.php\/wp-json\/wp\/v2\/posts\/93\/revisions"}],"predecessor-version":[{"id":37834,"href":"https:\/\/blogdoedvaldomagalhaes.com.br\/index.php\/wp-json\/wp\/v2\/posts\/93\/revisions\/37834"}],"wp:attachment":[{"href":"https:\/\/blogdoedvaldomagalhaes.com.br\/index.php\/wp-json\/wp\/v2\/media?parent=93"}],"wp:term":[{"taxonomy":"category","embeddable":true,"href":"https:\/\/blogdoedvaldomagalhaes.com.br\/index.php\/wp-json\/wp\/v2\/categories?post=93"},{"taxonomy":"post_tag","embeddable":true,"href":"https:\/\/blogdoedvaldomagalhaes.com.br\/index.php\/wp-json\/wp\/v2\/tags?post=93"}],"curies":[{"name":"wp","href":"https:\/\/api.w.org\/{rel}","templated":true}]}}