{"id":92998,"date":"2023-02-13T12:02:37","date_gmt":"2023-02-13T15:02:37","guid":{"rendered":"https:\/\/blogdoedvaldomagalhaes.com.br\/?p=92998"},"modified":"2023-02-13T12:02:38","modified_gmt":"2023-02-13T15:02:38","slug":"idoso-e-detido-por-trafico-de-drogas","status":"publish","type":"post","link":"https:\/\/blogdoedvaldomagalhaes.com.br\/index.php\/2023\/02\/13\/idoso-e-detido-por-trafico-de-drogas\/","title":{"rendered":"Idoso \u00e9 detido por tr\u00e1fico de drogas"},"content":{"rendered":"<p style=\"text-align: justify;\"><span style=\"font-size: revert;\">Durante opera\u00e7\u00e3o de combate aos homic\u00eddios, o Batalh\u00e3o Especializado de Policiamento do Interior (BEPI) prendeu um homem de 65 anos por tr\u00e1fico de drogas, em Bom Jardim, no Agreste pernambucano.<\/span><\/p>\n<p style=\"text-align: justify;\">Com base em informa\u00e7\u00f5es repassadas pelo N\u00facleo de Intelig\u00eancia, o suspeito foi abordado e com ele apreendidos 42 big bigs de maconha e 460 g da mesma droga, 706 pedras de crack e R$ 2.716,50 em esp\u00e9cie.<\/p>\n<p style=\"text-align: justify;\">Diante dos fatos, o envolvido e todo o material apreendido foram apresentados na Delegacia de Pol\u00edcia Civil de Surubim, para ado\u00e7\u00e3o das medidas cab\u00edveis. Foto: Divulga\u00e7\u00e3o\/PMPE.<\/p>\n<p style=\"text-align: justify;\">Siga o Instagram do Blog @blogdoedvaldomagalhaes<\/p>\n","protected":false},"excerpt":{"rendered":"<p>Durante opera\u00e7\u00e3o de combate aos homic\u00eddios, o Batalh\u00e3o Especializado de Policiamento do Interior (BEPI) prendeu um homem de 65 anos&hellip;<\/p>\n","protected":false},"author":1,"featured_media":92999,"comment_status":"closed","ping_status":"open","sticky":false,"template":"","format":"standard","meta":{"footnotes":""},"categories":[14121],"tags":[2,19532,3406,26784],"class_list":["post-92998","post","type-post","status-publish","format-standard","has-post-thumbnail","hentry","category-policial","tag-blog-do-edvaldo-magalhaes","tag-blog-mais-acessado-e-visualizado-de-caruaru-e-regiao","tag-caruaru","tag-idoso-e-detido-por-trafico-de-drogas"],"_links":{"self":[{"href":"https:\/\/blogdoedvaldomagalhaes.com.br\/index.php\/wp-json\/wp\/v2\/posts\/92998","targetHints":{"allow":["GET"]}}],"collection":[{"href":"https:\/\/blogdoedvaldomagalhaes.com.br\/index.php\/wp-json\/wp\/v2\/posts"}],"about":[{"href":"https:\/\/blogdoedvaldomagalhaes.com.br\/index.php\/wp-json\/wp\/v2\/types\/post"}],"author":[{"embeddable":true,"href":"https:\/\/blogdoedvaldomagalhaes.com.br\/index.php\/wp-json\/wp\/v2\/users\/1"}],"replies":[{"embeddable":true,"href":"https:\/\/blogdoedvaldomagalhaes.com.br\/index.php\/wp-json\/wp\/v2\/comments?post=92998"}],"version-history":[{"count":1,"href":"https:\/\/blogdoedvaldomagalhaes.com.br\/index.php\/wp-json\/wp\/v2\/posts\/92998\/revisions"}],"predecessor-version":[{"id":93000,"href":"https:\/\/blogdoedvaldomagalhaes.com.br\/index.php\/wp-json\/wp\/v2\/posts\/92998\/revisions\/93000"}],"wp:featuredmedia":[{"embeddable":true,"href":"https:\/\/blogdoedvaldomagalhaes.com.br\/index.php\/wp-json\/wp\/v2\/media\/92999"}],"wp:attachment":[{"href":"https:\/\/blogdoedvaldomagalhaes.com.br\/index.php\/wp-json\/wp\/v2\/media?parent=92998"}],"wp:term":[{"taxonomy":"category","embeddable":true,"href":"https:\/\/blogdoedvaldomagalhaes.com.br\/index.php\/wp-json\/wp\/v2\/categories?post=92998"},{"taxonomy":"post_tag","embeddable":true,"href":"https:\/\/blogdoedvaldomagalhaes.com.br\/index.php\/wp-json\/wp\/v2\/tags?post=92998"}],"curies":[{"name":"wp","href":"https:\/\/api.w.org\/{rel}","templated":true}]}}