{"id":92995,"date":"2023-02-13T11:28:56","date_gmt":"2023-02-13T14:28:56","guid":{"rendered":"https:\/\/blogdoedvaldomagalhaes.com.br\/?p=92995"},"modified":"2023-02-13T15:26:07","modified_gmt":"2023-02-13T18:26:07","slug":"mutirao-gratuito-de-mediacao-de-conflitos-acontece-nesta-terca-feira-14-em-caruaru","status":"publish","type":"post","link":"https:\/\/blogdoedvaldomagalhaes.com.br\/index.php\/2023\/02\/13\/mutirao-gratuito-de-mediacao-de-conflitos-acontece-nesta-terca-feira-14-em-caruaru\/","title":{"rendered":"Mutir\u00e3o gratuito de media\u00e7\u00e3o de conflitos acontece nesta ter\u00e7a-feira (14) em Caruaru"},"content":{"rendered":"<p style=\"text-align: justify;\"><span style=\"font-size: revert;\">Com o objetivo de prevenir e mitigar a ocorr\u00eancia dos crimes de proximidade, que s\u00e3o aqueles que ocorrem entre pessoas que convivem e enfrentam desentendimentos por algum tempo, acontece nesta ter\u00e7a-feira (14) o \u201cMutir\u00e3o de Media\u00e7\u00e3o de Conflitos\u201d. A iniciativa do advogado e vereador Anderson Correia (PP) ocorre das 8h \u00e0s 15h, no N\u00facleo Integrado da Prefeitura (NIP), no Residencial Luiz Bezerra Torres.<\/span><\/p>\n<p style=\"text-align: justify;\">As equipes estar\u00e3o aptas para mediar conflitos de vizinhan\u00e7a \u2013 constru\u00e7\u00f5es irregulares; perturba\u00e7\u00e3o de sossego; danos materiais; lixo em lugar indevido; dejetos de animais; vazamentos; garagens irregulares; entre outros. Em conflitos familiares como regulamenta\u00e7\u00e3o de visitas de filho; pens\u00e3o; divis\u00e3o de bens; cuidados com idosos e enfermos; entre outros. Em conflitos na escola envolvendo a comunidade escolar. Em conflitos no trabalho, n\u00e3o envolvendo causas trabalhistas.<\/p>\n<p style=\"text-align: justify;\">Em conflitos de consumo como d\u00edvidas em geral, aluguel; restitui\u00e7\u00e3o de valores; empr\u00e9stimos de cart\u00e3o de cr\u00e9dito; presta\u00e7\u00e3o de servi\u00e7os e alguns outros. Al\u00e9m de conflitos que envolvem animais como guarda dos animais; abandono de animais; responsabilidade como tutor; entre outros. A a\u00e7\u00e3o conta ainda com teste r\u00e1pido de leishmaniose, vacina\u00e7\u00e3o antirr\u00e1bica e uma equipe multiprofissional para atendimento ao p\u00fablico com auriculoterapia (t\u00e9cnica derivada da acupuntura).<\/p>\n<p style=\"text-align: justify;\">\u201cSer\u00e1 um momento para as pessoas solucionarem seus impasses com o pr\u00f3ximo, por meio do di\u00e1logo e da concilia\u00e7\u00e3o, com profissionais especializados e capacitados que estar\u00e3o dispon\u00edveis para ajudar a todos, mediando \u00e0s dificuldades, de forma gratuita. Al\u00e9m dos servi\u00e7os voltados para os animais, com vacina\u00e7\u00e3o e teste de leishmaniose, e auriculoterapia para as pessoas\u201d, ressalta o advogado e vereador Anderson Correia.<\/p>\n<p style=\"text-align: justify;\">O mutir\u00e3o de media\u00e7\u00e3o de conflitos conta com a parceria da Prefeitura de Caruaru, Pol\u00edcia Militar de Pernambuco, AMTTC, Secretarias de Sa\u00fade e Ordem P\u00fablica, AME Animal, Procon Caruaru, UniFavip Wyden e Uninassau. Todos esses \u00f3rg\u00e3os e institui\u00e7\u00f5es estar\u00e3o com profissionais engajados na a\u00e7\u00e3o, fortalecendo uma entrega de servi\u00e7os gratuitos de qualidade \u00e0 comunidade. Foto: Divulga\u00e7\u00e3o.<\/p>\n<p style=\"text-align: justify;\">Siga o Instagram do Blog @blogdoedvaldomagalhaes<\/p>\n","protected":false},"excerpt":{"rendered":"<p>Com o objetivo de prevenir e mitigar a ocorr\u00eancia dos crimes de proximidade, que s\u00e3o aqueles que ocorrem entre pessoas&hellip;<\/p>\n","protected":false},"author":1,"featured_media":93010,"comment_status":"closed","ping_status":"open","sticky":false,"template":"","format":"standard","meta":{"footnotes":""},"categories":[14120],"tags":[2,19532,3406,26783],"class_list":["post-92995","post","type-post","status-publish","format-standard","has-post-thumbnail","hentry","category-noticias","tag-blog-do-edvaldo-magalhaes","tag-blog-mais-acessado-e-visualizado-de-caruaru-e-regiao","tag-caruaru","tag-mutirao-gratuito-de-mediacao-de-conflitos-acontece-nesta-terca-feira-14-em-caruaru"],"_links":{"self":[{"href":"https:\/\/blogdoedvaldomagalhaes.com.br\/index.php\/wp-json\/wp\/v2\/posts\/92995","targetHints":{"allow":["GET"]}}],"collection":[{"href":"https:\/\/blogdoedvaldomagalhaes.com.br\/index.php\/wp-json\/wp\/v2\/posts"}],"about":[{"href":"https:\/\/blogdoedvaldomagalhaes.com.br\/index.php\/wp-json\/wp\/v2\/types\/post"}],"author":[{"embeddable":true,"href":"https:\/\/blogdoedvaldomagalhaes.com.br\/index.php\/wp-json\/wp\/v2\/users\/1"}],"replies":[{"embeddable":true,"href":"https:\/\/blogdoedvaldomagalhaes.com.br\/index.php\/wp-json\/wp\/v2\/comments?post=92995"}],"version-history":[{"count":2,"href":"https:\/\/blogdoedvaldomagalhaes.com.br\/index.php\/wp-json\/wp\/v2\/posts\/92995\/revisions"}],"predecessor-version":[{"id":93009,"href":"https:\/\/blogdoedvaldomagalhaes.com.br\/index.php\/wp-json\/wp\/v2\/posts\/92995\/revisions\/93009"}],"wp:featuredmedia":[{"embeddable":true,"href":"https:\/\/blogdoedvaldomagalhaes.com.br\/index.php\/wp-json\/wp\/v2\/media\/93010"}],"wp:attachment":[{"href":"https:\/\/blogdoedvaldomagalhaes.com.br\/index.php\/wp-json\/wp\/v2\/media?parent=92995"}],"wp:term":[{"taxonomy":"category","embeddable":true,"href":"https:\/\/blogdoedvaldomagalhaes.com.br\/index.php\/wp-json\/wp\/v2\/categories?post=92995"},{"taxonomy":"post_tag","embeddable":true,"href":"https:\/\/blogdoedvaldomagalhaes.com.br\/index.php\/wp-json\/wp\/v2\/tags?post=92995"}],"curies":[{"name":"wp","href":"https:\/\/api.w.org\/{rel}","templated":true}]}}