{"id":92992,"date":"2023-02-12T21:27:22","date_gmt":"2023-02-13T00:27:22","guid":{"rendered":"https:\/\/blogdoedvaldomagalhaes.com.br\/?p=92992"},"modified":"2023-02-12T21:27:22","modified_gmt":"2023-02-13T00:27:22","slug":"acusados-de-diversos-assaltos-em-riacho-das-almas-sao-detidos-em-caruaru","status":"publish","type":"post","link":"https:\/\/blogdoedvaldomagalhaes.com.br\/index.php\/2023\/02\/12\/acusados-de-diversos-assaltos-em-riacho-das-almas-sao-detidos-em-caruaru\/","title":{"rendered":"Acusados de diversos assaltos em Riacho das Almas s\u00e3o detidos em Caruaru"},"content":{"rendered":"<p style=\"text-align: justify;\"><span style=\"font-size: revert;\">Na madrugada deste domingo (12) policiais militares receberam informa\u00e7\u00f5es de que o ve\u00edculo utilizado em diversos assaltos na zona rural do munic\u00edpio de Riacho das Almas, encontrava-se no Bairro S\u00e3o Jo\u00e3o da Esc\u00f3cia, em Caruaru.<\/span><\/p>\n<p style=\"text-align: justify;\">Em ato continuo, as viaturas seguiram at\u00e9 o local e encontraram o carro em frente a uma resid\u00eancia. O policiamento chamou os propriet\u00e1rios da casa, que quando perceberam que se tratava da pol\u00edcia, come\u00e7aram a se evadir pelo telhado e muros, realizando disparos contra o efetivo, que revidou a injusta agress\u00e3o. No interior da resid\u00eancia, foram contidos quatro indiv\u00edduos, por\u00e9m um quinto elemento obteve \u00eaxito na fuga.<\/p>\n<p style=\"text-align: justify;\">Na ocasi\u00e3o, um dos detidos reagiu e confrontou o policiamento ao tentar tomar a arma de fogo de um dos policiais que, em desvantagem num\u00e9rica, teve que se defender, efetuando um disparo contra a perna do suspeito a fim de neutraliza-lo. Esse mesmo indiv\u00edduo \u00e9 suspeito de ter roubado a arma de um policial no estado da Bahia e tamb\u00e9m utiliza tornozeleira eletr\u00f4nica por outros crimes. A equipe de imediato acionou o SAMU que prestou os primeiros socorros ao individuo.<\/p>\n<p style=\"text-align: justify;\">O efetivo prosseguiu as buscas e encontou na resid\u00eancia v\u00e1rios objetos resultantes dos assaltos, entre eles: um rev\u00f3lver cal. 38.; uma muni\u00e7\u00e3o intacta e duas deflagradas, um simulacro de pistola; dezoito aparelhos celulares;duas por\u00e7\u00f5es de maconha; um tablet; uma motocicleta com queixa de roubo\/furto; um autom\u00f3vel Sandero (utilizado nos assaltos); cinco botij\u00f5es de g\u00e1s; duas TV&#8217;s e uma caixa de som.<\/p>\n<p style=\"text-align: justify;\">Diante dos fatos, os envolvidos, objetos e ve\u00edculos foram conduzidos \u00e0 Delegacia de plant\u00e3o para ado\u00e7\u00e3o das provid\u00eancias cab\u00edveis. Foto: Divulga\u00e7\u00e3o\/PMPE.<\/p>\n<p style=\"text-align: justify;\">Siga o Instagram do Blog @blogdoedvaldomagalhaes<\/p>\n","protected":false},"excerpt":{"rendered":"<p>Na madrugada deste domingo (12) policiais militares receberam informa\u00e7\u00f5es de que o ve\u00edculo utilizado em diversos assaltos na zona rural&hellip;<\/p>\n","protected":false},"author":1,"featured_media":92993,"comment_status":"closed","ping_status":"open","sticky":false,"template":"","format":"standard","meta":{"footnotes":""},"categories":[14121],"tags":[26782,2,19532,3406],"class_list":["post-92992","post","type-post","status-publish","format-standard","has-post-thumbnail","hentry","category-policial","tag-acusados-de-diversos-assaltos-em-riacho-das-almas-sao-detidos-em-caruaru","tag-blog-do-edvaldo-magalhaes","tag-blog-mais-acessado-e-visualizado-de-caruaru-e-regiao","tag-caruaru"],"_links":{"self":[{"href":"https:\/\/blogdoedvaldomagalhaes.com.br\/index.php\/wp-json\/wp\/v2\/posts\/92992","targetHints":{"allow":["GET"]}}],"collection":[{"href":"https:\/\/blogdoedvaldomagalhaes.com.br\/index.php\/wp-json\/wp\/v2\/posts"}],"about":[{"href":"https:\/\/blogdoedvaldomagalhaes.com.br\/index.php\/wp-json\/wp\/v2\/types\/post"}],"author":[{"embeddable":true,"href":"https:\/\/blogdoedvaldomagalhaes.com.br\/index.php\/wp-json\/wp\/v2\/users\/1"}],"replies":[{"embeddable":true,"href":"https:\/\/blogdoedvaldomagalhaes.com.br\/index.php\/wp-json\/wp\/v2\/comments?post=92992"}],"version-history":[{"count":1,"href":"https:\/\/blogdoedvaldomagalhaes.com.br\/index.php\/wp-json\/wp\/v2\/posts\/92992\/revisions"}],"predecessor-version":[{"id":92994,"href":"https:\/\/blogdoedvaldomagalhaes.com.br\/index.php\/wp-json\/wp\/v2\/posts\/92992\/revisions\/92994"}],"wp:featuredmedia":[{"embeddable":true,"href":"https:\/\/blogdoedvaldomagalhaes.com.br\/index.php\/wp-json\/wp\/v2\/media\/92993"}],"wp:attachment":[{"href":"https:\/\/blogdoedvaldomagalhaes.com.br\/index.php\/wp-json\/wp\/v2\/media?parent=92992"}],"wp:term":[{"taxonomy":"category","embeddable":true,"href":"https:\/\/blogdoedvaldomagalhaes.com.br\/index.php\/wp-json\/wp\/v2\/categories?post=92992"},{"taxonomy":"post_tag","embeddable":true,"href":"https:\/\/blogdoedvaldomagalhaes.com.br\/index.php\/wp-json\/wp\/v2\/tags?post=92992"}],"curies":[{"name":"wp","href":"https:\/\/api.w.org\/{rel}","templated":true}]}}