{"id":92984,"date":"2023-02-12T19:36:23","date_gmt":"2023-02-12T22:36:23","guid":{"rendered":"https:\/\/blogdoedvaldomagalhaes.com.br\/?p=92984"},"modified":"2023-02-12T19:36:24","modified_gmt":"2023-02-12T22:36:24","slug":"sinistro-de-transito-na-br-104-em-caruaru","status":"publish","type":"post","link":"https:\/\/blogdoedvaldomagalhaes.com.br\/index.php\/2023\/02\/12\/sinistro-de-transito-na-br-104-em-caruaru\/","title":{"rendered":"Sinistro de tr\u00e2nsito na BR 104, em Caruaru"},"content":{"rendered":"<p style=\"text-align: justify;\">Por volta das 22h50, desse s\u00e1bado (11), no Km 66,5 da BR 104, em Caruaru, no sentido Toritama, ocorreu um sinistro de tr\u00e2nsito um TOYOTA\/ETIOS colidiu em um objeto fixo. O condutor n\u00e3o foi localizado pela Pol\u00edcia Rodovi\u00e1ria Federal &#8211; PRF. Foto: Reprodu\u00e7\u00e3o) WhatsApp.<\/p>\n<p style=\"text-align: justify;\">Siga o Instagram do Blog @blogdoedvaldomagalhaes<\/p>\n","protected":false},"excerpt":{"rendered":"<p>Por volta das 22h50, desse s\u00e1bado (11), no Km 66,5 da BR 104, em Caruaru, no sentido Toritama, ocorreu um&hellip;<\/p>\n","protected":false},"author":1,"featured_media":92985,"comment_status":"closed","ping_status":"open","sticky":false,"template":"","format":"standard","meta":{"footnotes":""},"categories":[14120],"tags":[2,19532,3406,26780],"class_list":["post-92984","post","type-post","status-publish","format-standard","has-post-thumbnail","hentry","category-noticias","tag-blog-do-edvaldo-magalhaes","tag-blog-mais-acessado-e-visualizado-de-caruaru-e-regiao","tag-caruaru","tag-sinistro-de-transito-na-br-104-em-caruaru"],"_links":{"self":[{"href":"https:\/\/blogdoedvaldomagalhaes.com.br\/index.php\/wp-json\/wp\/v2\/posts\/92984","targetHints":{"allow":["GET"]}}],"collection":[{"href":"https:\/\/blogdoedvaldomagalhaes.com.br\/index.php\/wp-json\/wp\/v2\/posts"}],"about":[{"href":"https:\/\/blogdoedvaldomagalhaes.com.br\/index.php\/wp-json\/wp\/v2\/types\/post"}],"author":[{"embeddable":true,"href":"https:\/\/blogdoedvaldomagalhaes.com.br\/index.php\/wp-json\/wp\/v2\/users\/1"}],"replies":[{"embeddable":true,"href":"https:\/\/blogdoedvaldomagalhaes.com.br\/index.php\/wp-json\/wp\/v2\/comments?post=92984"}],"version-history":[{"count":1,"href":"https:\/\/blogdoedvaldomagalhaes.com.br\/index.php\/wp-json\/wp\/v2\/posts\/92984\/revisions"}],"predecessor-version":[{"id":92986,"href":"https:\/\/blogdoedvaldomagalhaes.com.br\/index.php\/wp-json\/wp\/v2\/posts\/92984\/revisions\/92986"}],"wp:featuredmedia":[{"embeddable":true,"href":"https:\/\/blogdoedvaldomagalhaes.com.br\/index.php\/wp-json\/wp\/v2\/media\/92985"}],"wp:attachment":[{"href":"https:\/\/blogdoedvaldomagalhaes.com.br\/index.php\/wp-json\/wp\/v2\/media?parent=92984"}],"wp:term":[{"taxonomy":"category","embeddable":true,"href":"https:\/\/blogdoedvaldomagalhaes.com.br\/index.php\/wp-json\/wp\/v2\/categories?post=92984"},{"taxonomy":"post_tag","embeddable":true,"href":"https:\/\/blogdoedvaldomagalhaes.com.br\/index.php\/wp-json\/wp\/v2\/tags?post=92984"}],"curies":[{"name":"wp","href":"https:\/\/api.w.org\/{rel}","templated":true}]}}