{"id":92981,"date":"2023-02-11T22:13:44","date_gmt":"2023-02-12T01:13:44","guid":{"rendered":"https:\/\/blogdoedvaldomagalhaes.com.br\/?p=92981"},"modified":"2023-02-11T22:13:45","modified_gmt":"2023-02-12T01:13:45","slug":"acoes-estrategicas-para-erradicacao-do-trabalho-infantil-no-pre-carnaval-de-caruaru","status":"publish","type":"post","link":"https:\/\/blogdoedvaldomagalhaes.com.br\/index.php\/2023\/02\/11\/acoes-estrategicas-para-erradicacao-do-trabalho-infantil-no-pre-carnaval-de-caruaru\/","title":{"rendered":"A\u00e7\u00f5es Estrat\u00e9gicas para Erradica\u00e7\u00e3o do Trabalho Infantil no pr\u00e9-carnaval de Caruaru"},"content":{"rendered":"<p style=\"text-align: justify;\"><span style=\"color: initial; font-size: revert;\">A Secretaria de Desenvolvimento Social e Direitos Humanos (SDSDH), atrav\u00e9s das A\u00e7\u00f5es Estrat\u00e9gicas para Erradica\u00e7\u00e3o do Trabalho Infantil em Caruaru (AEPETI), realizou um trabalho para garantir o direito das crian\u00e7as e adolescentes no Pr\u00e9-Carnaval Multicultural do munic\u00edpio.<\/span><\/p>\n<p style=\"text-align: justify;\">Durante os festejos carnavalescos, foram realizadas a\u00e7\u00f5es de sensibiliza\u00e7\u00e3o e orienta\u00e7\u00e3o sobre a viola\u00e7\u00e3o de direitos das crian\u00e7as e adolescentes e a identifica\u00e7\u00e3o de poss\u00edveis situa\u00e7\u00f5es de trabalho infantil, neglig\u00eancia, abuso ou explora\u00e7\u00e3o sexual.<\/p>\n<p style=\"text-align: justify;\">O trabalho de sensibiliza\u00e7\u00e3o foi executado por uma equipe da assist\u00eancia social que atuou como educadores sociais na busca para identifica\u00e7\u00e3o de crian\u00e7as e adolescentes e seus respons\u00e1veis legais, para orient\u00e1-los sobre a fun\u00e7\u00e3o protetiva da fam\u00edlia e as situa\u00e7\u00f5es de risco social que poderiam existir, principalmente, quando expostas ao trabalho infantil.<\/p>\n<p style=\"text-align: justify;\">\u201cTamb\u00e9m foi feita a orienta\u00e7\u00e3o da sociedade e dos comerciantes acerca das legisla\u00e7\u00f5es da proibi\u00e7\u00e3o de venda de bebidas alco\u00f3licas a menores de 18 anos, trabalho infantil, abuso e explora\u00e7\u00e3o sexual. Aqui em Caruaru, crian\u00e7as e adolescentes tem seus direitos garantidos\u201d,<br \/>\nexplicou a secret\u00e1ria da SDSDH, Dayse Silva.<\/p>\n<p style=\"text-align: justify;\">Para denunciar qualquer viola\u00e7\u00e3o dos direitos da crian\u00e7a e do adolescente \u00e9 s\u00f3 ligar para o disque 100. Foto: Jorge Farias.<\/p>\n<p style=\"text-align: justify;\">Siga o Instagram do Blog @blogdoedvaldomagalhaes<\/p>\n","protected":false},"excerpt":{"rendered":"<p>A Secretaria de Desenvolvimento Social e Direitos Humanos (SDSDH), atrav\u00e9s das A\u00e7\u00f5es Estrat\u00e9gicas para Erradica\u00e7\u00e3o do Trabalho Infantil em Caruaru&hellip;<\/p>\n","protected":false},"author":1,"featured_media":92982,"comment_status":"closed","ping_status":"open","sticky":false,"template":"","format":"standard","meta":{"footnotes":""},"categories":[14120],"tags":[26779,2,19532,3406],"class_list":["post-92981","post","type-post","status-publish","format-standard","has-post-thumbnail","hentry","category-noticias","tag-acoes-estrategicas-para-erradicacao-do-trabalho-infantil-no-pre-carnaval-de-caruaru","tag-blog-do-edvaldo-magalhaes","tag-blog-mais-acessado-e-visualizado-de-caruaru-e-regiao","tag-caruaru"],"_links":{"self":[{"href":"https:\/\/blogdoedvaldomagalhaes.com.br\/index.php\/wp-json\/wp\/v2\/posts\/92981","targetHints":{"allow":["GET"]}}],"collection":[{"href":"https:\/\/blogdoedvaldomagalhaes.com.br\/index.php\/wp-json\/wp\/v2\/posts"}],"about":[{"href":"https:\/\/blogdoedvaldomagalhaes.com.br\/index.php\/wp-json\/wp\/v2\/types\/post"}],"author":[{"embeddable":true,"href":"https:\/\/blogdoedvaldomagalhaes.com.br\/index.php\/wp-json\/wp\/v2\/users\/1"}],"replies":[{"embeddable":true,"href":"https:\/\/blogdoedvaldomagalhaes.com.br\/index.php\/wp-json\/wp\/v2\/comments?post=92981"}],"version-history":[{"count":1,"href":"https:\/\/blogdoedvaldomagalhaes.com.br\/index.php\/wp-json\/wp\/v2\/posts\/92981\/revisions"}],"predecessor-version":[{"id":92983,"href":"https:\/\/blogdoedvaldomagalhaes.com.br\/index.php\/wp-json\/wp\/v2\/posts\/92981\/revisions\/92983"}],"wp:featuredmedia":[{"embeddable":true,"href":"https:\/\/blogdoedvaldomagalhaes.com.br\/index.php\/wp-json\/wp\/v2\/media\/92982"}],"wp:attachment":[{"href":"https:\/\/blogdoedvaldomagalhaes.com.br\/index.php\/wp-json\/wp\/v2\/media?parent=92981"}],"wp:term":[{"taxonomy":"category","embeddable":true,"href":"https:\/\/blogdoedvaldomagalhaes.com.br\/index.php\/wp-json\/wp\/v2\/categories?post=92981"},{"taxonomy":"post_tag","embeddable":true,"href":"https:\/\/blogdoedvaldomagalhaes.com.br\/index.php\/wp-json\/wp\/v2\/tags?post=92981"}],"curies":[{"name":"wp","href":"https:\/\/api.w.org\/{rel}","templated":true}]}}