{"id":92975,"date":"2023-02-11T21:26:05","date_gmt":"2023-02-12T00:26:05","guid":{"rendered":"https:\/\/blogdoedvaldomagalhaes.com.br\/?p=92975"},"modified":"2023-02-11T21:30:30","modified_gmt":"2023-02-12T00:30:30","slug":"multidao-de-folioes-se-rende-ao-sabadao-do-pre-carnaval-multicultural-de-caruaru","status":"publish","type":"post","link":"https:\/\/blogdoedvaldomagalhaes.com.br\/index.php\/2023\/02\/11\/multidao-de-folioes-se-rende-ao-sabadao-do-pre-carnaval-multicultural-de-caruaru\/","title":{"rendered":"Multid\u00e3o de foli\u00f5es se rende ao S\u00e1bad\u00e3o do Pr\u00e9-Carnaval Multicultural de Caruaru"},"content":{"rendered":"<p style=\"text-align: justify;\"><span style=\"color: initial; font-size: revert;\">A Capital do Forr\u00f3 se rendeu \u00e0 Folia de Momo, com a realiza\u00e7\u00e3o de um grande evento durante, este s\u00e1bad\u00e3o (11), do Pr\u00e9-Carnaval Multicultural 2023. Mais de 13 mil foli\u00f5es estiveram brincando pelas ruas do centro de Caruaru, nos seis polos oferecidos, regados de muita m\u00fasica boa.<\/span><\/p>\n<p style=\"text-align: justify;\">Logo pela manh\u00e3, a crian\u00e7ada caiu no passo do frevo com o polo Sucatinha. A alegria tomou conta dos pequenos que puderam acompanhar a orquestras e \u00e0 apresenta\u00e7\u00f5es tamb\u00e9m de grupos de boi.<\/p>\n<p style=\"text-align: justify;\">No polo Sucata, o samba da Escola Mocidade Independente demonstrou que Caruaru estar\u00e1 muito bem representada na Sapuca\u00ed, no Carnaval do Rio de Janeiro 2023, com enredo em homenagem \u00e0 cidade do Deus do Barro, Mestre Vitalino.<\/p>\n<p style=\"text-align: justify;\">Tamb\u00e9m fizeram parte da programa\u00e7\u00e3o, show da Ful\u00f4 de Mandacaru, com as participa\u00e7\u00f5es especiais de grandes \u00edcones da m\u00fasica pernambucana como: Almir Rouche, Andr\u00e9 Rio, Maestro Forr\u00f3, Nena Queiroga e Maestro Spok. Fechando a programa\u00e7\u00e3o, a cantora Bia Chian.<\/p>\n<p style=\"text-align: justify;\">E quem conferiu o polo da Inclus\u00e3o, p\u00f4de acompanhar a diversas atra\u00e7\u00f5es recheadas de repet\u00f3rios da cultura pernambucana, a exemplos do frevo, maracatu, coco e ciranda.<\/p>\n<p style=\"text-align: justify;\">Bem pr\u00f3ximo, j\u00e1 no polo Aldo Teixeira\/Jackson do Pandeiro, o grande p\u00fablico presente p\u00f4de conferir aos shows de Azulinho, Humberto Bony, Erisson Porto e cia, mostrando que caruaruense tamb\u00e9m sabe fazer e, muito bem, o frevo pernambucano.<\/p>\n<p style=\"text-align: justify;\">Siga o Instagram do Blog @blogdoedvaldomagalhaes<\/p>\n\n\n<figure class=\"wp-block-image size-large\"><img loading=\"lazy\" decoding=\"async\" width=\"462\" height=\"1024\" src=\"https:\/\/blogdoedvaldomagalhaes.com.br\/wp-content\/uploads\/2023\/02\/IMG-20230211-WA0163-462x1024.jpg\" alt=\"\" class=\"wp-image-92979\" srcset=\"https:\/\/blogdoedvaldomagalhaes.com.br\/wp-content\/uploads\/2023\/02\/IMG-20230211-WA0163-462x1024.jpg 462w, https:\/\/blogdoedvaldomagalhaes.com.br\/wp-content\/uploads\/2023\/02\/IMG-20230211-WA0163-135x300.jpg 135w, https:\/\/blogdoedvaldomagalhaes.com.br\/wp-content\/uploads\/2023\/02\/IMG-20230211-WA0163.jpg 521w\" sizes=\"auto, (max-width: 462px) 100vw, 462px\" \/><figcaption class=\"wp-element-caption\">Fotos: Divulga\u00e7\u00e3o\/PMC<\/figcaption><\/figure>\n","protected":false},"excerpt":{"rendered":"<p>A Capital do Forr\u00f3 se rendeu \u00e0 Folia de Momo, com a realiza\u00e7\u00e3o de um grande evento durante, este s\u00e1bad\u00e3o&hellip;<\/p>\n","protected":false},"author":1,"featured_media":92976,"comment_status":"closed","ping_status":"open","sticky":false,"template":"","format":"standard","meta":{"footnotes":""},"categories":[14120],"tags":[2,19532,3406,26778],"class_list":["post-92975","post","type-post","status-publish","format-standard","has-post-thumbnail","hentry","category-noticias","tag-blog-do-edvaldo-magalhaes","tag-blog-mais-acessado-e-visualizado-de-caruaru-e-regiao","tag-caruaru","tag-multidao-de-folioes-se-rende-ao-sabadao-do-pre-carnaval-multicultural-de-caruaru"],"_links":{"self":[{"href":"https:\/\/blogdoedvaldomagalhaes.com.br\/index.php\/wp-json\/wp\/v2\/posts\/92975","targetHints":{"allow":["GET"]}}],"collection":[{"href":"https:\/\/blogdoedvaldomagalhaes.com.br\/index.php\/wp-json\/wp\/v2\/posts"}],"about":[{"href":"https:\/\/blogdoedvaldomagalhaes.com.br\/index.php\/wp-json\/wp\/v2\/types\/post"}],"author":[{"embeddable":true,"href":"https:\/\/blogdoedvaldomagalhaes.com.br\/index.php\/wp-json\/wp\/v2\/users\/1"}],"replies":[{"embeddable":true,"href":"https:\/\/blogdoedvaldomagalhaes.com.br\/index.php\/wp-json\/wp\/v2\/comments?post=92975"}],"version-history":[{"count":2,"href":"https:\/\/blogdoedvaldomagalhaes.com.br\/index.php\/wp-json\/wp\/v2\/posts\/92975\/revisions"}],"predecessor-version":[{"id":92980,"href":"https:\/\/blogdoedvaldomagalhaes.com.br\/index.php\/wp-json\/wp\/v2\/posts\/92975\/revisions\/92980"}],"wp:featuredmedia":[{"embeddable":true,"href":"https:\/\/blogdoedvaldomagalhaes.com.br\/index.php\/wp-json\/wp\/v2\/media\/92976"}],"wp:attachment":[{"href":"https:\/\/blogdoedvaldomagalhaes.com.br\/index.php\/wp-json\/wp\/v2\/media?parent=92975"}],"wp:term":[{"taxonomy":"category","embeddable":true,"href":"https:\/\/blogdoedvaldomagalhaes.com.br\/index.php\/wp-json\/wp\/v2\/categories?post=92975"},{"taxonomy":"post_tag","embeddable":true,"href":"https:\/\/blogdoedvaldomagalhaes.com.br\/index.php\/wp-json\/wp\/v2\/tags?post=92975"}],"curies":[{"name":"wp","href":"https:\/\/api.w.org\/{rel}","templated":true}]}}