{"id":92972,"date":"2023-02-11T20:46:42","date_gmt":"2023-02-11T23:46:42","guid":{"rendered":"https:\/\/blogdoedvaldomagalhaes.com.br\/?p=92972"},"modified":"2023-02-11T20:46:43","modified_gmt":"2023-02-11T23:46:43","slug":"procon-pe-recolhe-quase-100-unidades-de-pomada-proibida-pela-anvisa","status":"publish","type":"post","link":"https:\/\/blogdoedvaldomagalhaes.com.br\/index.php\/2023\/02\/11\/procon-pe-recolhe-quase-100-unidades-de-pomada-proibida-pela-anvisa\/","title":{"rendered":"<strong><br>Procon-PE recolhe quase 100 unidades de pomada proibida pela Anvisa<\/strong>"},"content":{"rendered":"<p style=\"text-align: justify;\">O Procon Pernambuco apreendeu nesta sexta-feira (10\/02) mais 63 unidades de pomadas para tran\u00e7ar cabelos, proibidas de distribui\u00e7\u00e3o, exposi\u00e7\u00e3o e venda pela Ag\u00eancia Nacional de Vigil\u00e2ncia Sanit\u00e1ria (Anvisa). S\u00f3 nesta semana, foram 96 embalagens do produto recolhidos em estabelecimentos comerciais da Regi\u00e3o Metropolitana do Recife (RMR), durante fiscaliza\u00e7\u00e3o do \u00f3rg\u00e3o de defesa do consumidor.<\/p>\n<p>Atrav\u00e9s da Resolu\u00e7\u00e3o 475, de 9 de fevereiro de 2023, publicada no Di\u00e1rio Oficial da Uni\u00e3o, o \u00f3rg\u00e3o proibiu a comercializa\u00e7\u00e3o de todos os fabricantes e marcas do produto. A Anvisa ainda refor\u00e7ou que as pessoas f\u00edsicas ou jur\u00eddicas que adquiriram o material antes da proibi\u00e7\u00e3o tamb\u00e9m devem suspender o uso at\u00e9 nova atualiza\u00e7\u00e3o da medida.<\/p>\n<p>De acordo com a secret\u00e1ria de Justi\u00e7a e Direitos Humanos, Lucinha Mota, as a\u00e7\u00f5es ir\u00e3o continuar, a fim de inibir o uso do produto e evitar novos casos no estado. \u201cContinuaremos com os fiscais nas ruas, vistoriando, recolhendo e \u00a0autuando, quando necess\u00e1rio, quem insistir em colocar a sa\u00fade da popula\u00e7\u00e3o em risco\u201d, acrescentou a secret\u00e1ria.<\/p>\n<p>Ainda segundo a secret\u00e1ria, \u00e9 importante que as pessoas sejam emp\u00e1ticas nesse momento. \u201cPedimos a sensibiliza\u00e7\u00e3o das pessoas para que, definitivamente, n\u00e3o utilizem o produto. N\u00e3o se coloquem em risco, porque as rea\u00e7\u00f5es s\u00e3o s\u00e9rias\u201d, finaliza Lucinha.<\/p>\n<p><b>DEN\u00daNCIAS:<\/b>\u00a0As den\u00fancias de locais que estejam comercializando os produtos podem ser feitas ao Procon\/PE de forma an\u00f4nima, por liga\u00e7\u00e3o, e-mail ou Whatsapp, inclusive com a apresenta\u00e7\u00e3o de fotos e v\u00eddeos, atrav\u00e9s dos seguintes canais: 0800.282.1512;\u00a0<a href=\"mailto:denuncia@procon.pe.gov.br\" target=\"_blank\" rel=\"noopener noreferrer\">denuncia@procon.pe.gov.br<\/a>\u00a0ou WhatsApp 3181-7000.<\/p>\n<p>Foto: Divulga\u00e7\u00e3o\/Procon-PE<\/p>\n<p style=\"text-align: justify;\">Siga o Instagram do Blog @blogdoedvaldomagalhaes<\/p>\n","protected":false},"excerpt":{"rendered":"<p>O Procon Pernambuco apreendeu nesta sexta-feira (10\/02) mais 63 unidades de pomadas para tran\u00e7ar cabelos, proibidas de distribui\u00e7\u00e3o, exposi\u00e7\u00e3o e&hellip;<\/p>\n","protected":false},"author":1,"featured_media":92973,"comment_status":"closed","ping_status":"open","sticky":false,"template":"","format":"standard","meta":{"footnotes":""},"categories":[14120],"tags":[2,19532,3406,26777],"class_list":["post-92972","post","type-post","status-publish","format-standard","has-post-thumbnail","hentry","category-noticias","tag-blog-do-edvaldo-magalhaes","tag-blog-mais-acessado-e-visualizado-de-caruaru-e-regiao","tag-caruaru","tag-procon-pe-recolhe-quase-100-unidades-de-pomada-proibida-pela-anvisa"],"_links":{"self":[{"href":"https:\/\/blogdoedvaldomagalhaes.com.br\/index.php\/wp-json\/wp\/v2\/posts\/92972","targetHints":{"allow":["GET"]}}],"collection":[{"href":"https:\/\/blogdoedvaldomagalhaes.com.br\/index.php\/wp-json\/wp\/v2\/posts"}],"about":[{"href":"https:\/\/blogdoedvaldomagalhaes.com.br\/index.php\/wp-json\/wp\/v2\/types\/post"}],"author":[{"embeddable":true,"href":"https:\/\/blogdoedvaldomagalhaes.com.br\/index.php\/wp-json\/wp\/v2\/users\/1"}],"replies":[{"embeddable":true,"href":"https:\/\/blogdoedvaldomagalhaes.com.br\/index.php\/wp-json\/wp\/v2\/comments?post=92972"}],"version-history":[{"count":1,"href":"https:\/\/blogdoedvaldomagalhaes.com.br\/index.php\/wp-json\/wp\/v2\/posts\/92972\/revisions"}],"predecessor-version":[{"id":92974,"href":"https:\/\/blogdoedvaldomagalhaes.com.br\/index.php\/wp-json\/wp\/v2\/posts\/92972\/revisions\/92974"}],"wp:featuredmedia":[{"embeddable":true,"href":"https:\/\/blogdoedvaldomagalhaes.com.br\/index.php\/wp-json\/wp\/v2\/media\/92973"}],"wp:attachment":[{"href":"https:\/\/blogdoedvaldomagalhaes.com.br\/index.php\/wp-json\/wp\/v2\/media?parent=92972"}],"wp:term":[{"taxonomy":"category","embeddable":true,"href":"https:\/\/blogdoedvaldomagalhaes.com.br\/index.php\/wp-json\/wp\/v2\/categories?post=92972"},{"taxonomy":"post_tag","embeddable":true,"href":"https:\/\/blogdoedvaldomagalhaes.com.br\/index.php\/wp-json\/wp\/v2\/tags?post=92972"}],"curies":[{"name":"wp","href":"https:\/\/api.w.org\/{rel}","templated":true}]}}