{"id":9290,"date":"2016-06-16T12:39:00","date_gmt":"2016-06-16T15:39:00","guid":{"rendered":"http:\/\/blogdoedvaldomagalhaes.com.br\/index.php\/2016\/06\/16\/trabalhadores-rurais-protestam-neste\/"},"modified":"2019-02-09T00:43:29","modified_gmt":"2019-02-09T02:43:29","slug":"trabalhadores-rurais-protestam-neste","status":"publish","type":"post","link":"https:\/\/blogdoedvaldomagalhaes.com.br\/index.php\/2016\/06\/16\/trabalhadores-rurais-protestam-neste\/","title":{"rendered":"Trabalhadores Rurais protestam neste momento em Caruaru"},"content":{"rendered":"<div style=\"background-color: #f9f9f9; border: 0px; font-family: Roboto, arial, helvetica, sans-serif; font-size: 15px; font-stretch: inherit; line-height: 24px; margin-bottom: 33px; padding: 0px; text-align: justify; vertical-align: baseline;\">\nTrabalhadores Rurais est\u00e3o fazendo um protesto neste momento em v\u00e1rias cidades do pa\u00eds, em Caruaru, eles sa\u00edram do Sindicato dos Trabalhadores Rurais, localizado na avenida Joaquim Nabuco, no bairro Divin\u00f3polis, e caminharam at\u00e9 a ag\u00eancia do INSS, na avenida Rui Barbosa, no bairro Maur\u00edcio de Nassau, onde se encontram neste momento.<\/p>\n<div class=\"separator\" style=\"clear: both; text-align: center;\">\n<a href=\"https:\/\/1.bp.blogspot.com\/-aVaY_d5s_JA\/V2KfyYFp_eI\/AAAAAAAAAUs\/tQ812pM25nAj8lU4C4LBUgDsL596-fJgwCLcB\/s1600\/01%2Bprotesto.jpg\" imageanchor=\"1\" style=\"margin-left: 1em; margin-right: 1em;\"><img loading=\"lazy\" decoding=\"async\" border=\"0\" height=\"240\" src=\"http:\/\/blogdoedvaldomagalhaes.com.br\/wp-content\/uploads\/2016\/06\/01protesto.jpg\" width=\"320\" \/><\/a><\/div>\n<p>\nO ato dos trabalhadores rurais fazem atos e ocupa\u00e7\u00f5es em todo o Brasil contra os retrocessos do governo de&nbsp;<strong style=\"border: 0px; font-family: inherit; font-stretch: inherit; font-style: inherit; font-variant: inherit; line-height: inherit; margin: 0px; padding: 0px; vertical-align: baseline;\">Michel Temer<\/strong>&nbsp;(PMDB).<\/p>\n<div class=\"separator\" style=\"clear: both; text-align: center;\">\n<a href=\"https:\/\/3.bp.blogspot.com\/-LamUVhdJbGQ\/V2KgBRS26FI\/AAAAAAAAAU0\/STsIgc63D1g-QK3TcLc88ZdTcDa-GE3iACLcB\/s1600\/02%2Bprotesto.jpg\" imageanchor=\"1\" style=\"margin-left: 1em; margin-right: 1em;\"><img loading=\"lazy\" decoding=\"async\" border=\"0\" height=\"240\" src=\"http:\/\/blogdoedvaldomagalhaes.com.br\/wp-content\/uploads\/2016\/06\/02protesto.jpg\" width=\"320\" \/><\/a><\/div>\n<p>\nQuinze estados realizaram manifesta\u00e7\u00f5es, nessa quarta-feira (08.06) &nbsp;e se intensificam nesta quinta-feira (09.06). As mobiliza\u00e7\u00f5es est\u00e3o centradas em ag\u00eancias da Caixa, Banco do Brasil, Instituto Nacional de Seguridade Social (INSS) e superintend\u00eancias do Instituto Nacional de Coloniza\u00e7\u00e3o e Reforma Agr\u00e1ria (Incra), mas em diversos pontos foram tamb\u00e9m realizados trancamentos e marchas nas estradas.<\/p>\n<div class=\"separator\" style=\"clear: both; text-align: center;\">\n<a href=\"https:\/\/4.bp.blogspot.com\/-gZ0KPnP2Ofg\/V2KgLRWHOeI\/AAAAAAAAAU8\/Fb60QNNILU02EXhY7_DKMZSPrdv-KClSQCLcB\/s1600\/03%2Bprotesto.jpg\" imageanchor=\"1\" style=\"margin-left: 1em; margin-right: 1em;\"><img loading=\"lazy\" decoding=\"async\" border=\"0\" height=\"240\" src=\"http:\/\/blogdoedvaldomagalhaes.com.br\/wp-content\/uploads\/2016\/06\/03protesto.jpg\" width=\"320\" \/><\/a><\/div>\n<p>\nSegundo o MST, mais de 19 mil Sem Terras, quilombolas, pequenos agricultores, atingidos por barragens, ribeirinhos, pescadores e camponeses participaram dos atos.<\/p>\n<div class=\"separator\" style=\"clear: both; text-align: center;\">\n<a href=\"https:\/\/2.bp.blogspot.com\/-Ru5gOwn8Gtg\/V2KgdMKP98I\/AAAAAAAAAVI\/ni36Q5R78kkyq49UoPY5gqTOXPU_N6_BQCLcB\/s1600\/05protesto.jpg\" imageanchor=\"1\" style=\"margin-left: 1em; margin-right: 1em;\"><img loading=\"lazy\" decoding=\"async\" border=\"0\" height=\"240\" src=\"http:\/\/blogdoedvaldomagalhaes.com.br\/wp-content\/uploads\/2016\/06\/05protesto.jpg\" width=\"320\" \/><\/a><\/div>\n<p>\nOs protestos j\u00e1 fazem parte da jornada de lutas que ocorre essa semana, culminando nos grandes atos que ocorrer\u00e3o na sexta-feira (10.06) em todo o pa\u00eds, convocados pela&nbsp;<strong style=\"border: 0px; font-family: inherit; font-stretch: inherit; font-style: inherit; font-variant: inherit; line-height: inherit; margin: 0px; padding: 0px; vertical-align: baseline;\">Frente Brasil Popular<\/strong>&nbsp;e&nbsp;<strong style=\"border: 0px; font-family: inherit; font-stretch: inherit; font-style: inherit; font-variant: inherit; line-height: inherit; margin: 0px; padding: 0px; vertical-align: baseline;\">Frente Povo Sem Medo<\/strong>.<\/p>\n<div class=\"separator\" style=\"clear: both; text-align: center;\">\n<a href=\"https:\/\/3.bp.blogspot.com\/-zYZ24_mvo9c\/V2Kgo28No1I\/AAAAAAAAAVQ\/VTQ8IIpzlRAiwdozu183U7KrhKlIzt_xQCLcB\/s1600\/protesto%2B6.jpg\" imageanchor=\"1\" style=\"margin-left: 1em; margin-right: 1em;\"><img loading=\"lazy\" decoding=\"async\" border=\"0\" height=\"240\" src=\"http:\/\/blogdoedvaldomagalhaes.com.br\/wp-content\/uploads\/2016\/06\/protesto6.jpg\" width=\"320\" \/><\/a><\/div>\n<p>\nDurante a manh\u00e3 de ontem, os trabalhadores realizaram ato contra a extin\u00e7\u00e3o do Minist\u00e9rio do Desenvolvimento Agr\u00e1rio (MDA)&nbsp;em frente ao local onde a pasta funcionava. \u201cA extin\u00e7\u00e3o do MDA n\u00e3o \u00e9 s\u00f3 uma extin\u00e7\u00e3o, \u00e9 a tentativa de desmonte da pol\u00edtica e retorno no per\u00edodo quando o Estado desenvolvia pol\u00edticas exclusivamente para o agroneg\u00f3cio\u201d, manifestou Pepe Vargas, ex-ministro da pasta, e deputado pelo PT-RS.<\/p>\n<div class=\"separator\" style=\"clear: both; text-align: center;\">\n<a href=\"https:\/\/4.bp.blogspot.com\/-QCULm8G31Vw\/V2KgvxbxUuI\/AAAAAAAAAVc\/oVZGW8_p8w0i5hUtVKece5sTeJ6zz27YQCLcB\/s1600\/protesto.jpg\" imageanchor=\"1\" style=\"margin-left: 1em; margin-right: 1em;\"><img loading=\"lazy\" decoding=\"async\" border=\"0\" height=\"240\" src=\"http:\/\/blogdoedvaldomagalhaes.com.br\/wp-content\/uploads\/2016\/06\/protesto.jpg\" width=\"320\" \/><\/a><\/div>\n<\/div>\n","protected":false},"excerpt":{"rendered":"<p>Trabalhadores Rurais est\u00e3o fazendo um protesto neste momento em v\u00e1rias cidades do pa\u00eds, em Caruaru, eles sa\u00edram do Sindicato dos&hellip;<\/p>\n","protected":false},"author":1,"featured_media":0,"comment_status":"open","ping_status":"open","sticky":false,"template":"","format":"standard","meta":{"footnotes":""},"categories":[1],"tags":[14069,14070,8824,7036,6,4966,13388],"class_list":["post-9290","post","type-post","status-publish","format-standard","hentry","category-sem-categoria","tag-frente-popular","tag-frente-povo-sem-medo","tag-inss","tag-michel-temer","tag-noticias","tag-pmdb","tag-sindicato-dos-trabalhares-rurais"],"_links":{"self":[{"href":"https:\/\/blogdoedvaldomagalhaes.com.br\/index.php\/wp-json\/wp\/v2\/posts\/9290","targetHints":{"allow":["GET"]}}],"collection":[{"href":"https:\/\/blogdoedvaldomagalhaes.com.br\/index.php\/wp-json\/wp\/v2\/posts"}],"about":[{"href":"https:\/\/blogdoedvaldomagalhaes.com.br\/index.php\/wp-json\/wp\/v2\/types\/post"}],"author":[{"embeddable":true,"href":"https:\/\/blogdoedvaldomagalhaes.com.br\/index.php\/wp-json\/wp\/v2\/users\/1"}],"replies":[{"embeddable":true,"href":"https:\/\/blogdoedvaldomagalhaes.com.br\/index.php\/wp-json\/wp\/v2\/comments?post=9290"}],"version-history":[{"count":1,"href":"https:\/\/blogdoedvaldomagalhaes.com.br\/index.php\/wp-json\/wp\/v2\/posts\/9290\/revisions"}],"predecessor-version":[{"id":9452,"href":"https:\/\/blogdoedvaldomagalhaes.com.br\/index.php\/wp-json\/wp\/v2\/posts\/9290\/revisions\/9452"}],"wp:attachment":[{"href":"https:\/\/blogdoedvaldomagalhaes.com.br\/index.php\/wp-json\/wp\/v2\/media?parent=9290"}],"wp:term":[{"taxonomy":"category","embeddable":true,"href":"https:\/\/blogdoedvaldomagalhaes.com.br\/index.php\/wp-json\/wp\/v2\/categories?post=9290"},{"taxonomy":"post_tag","embeddable":true,"href":"https:\/\/blogdoedvaldomagalhaes.com.br\/index.php\/wp-json\/wp\/v2\/tags?post=9290"}],"curies":[{"name":"wp","href":"https:\/\/api.w.org\/{rel}","templated":true}]}}