{"id":9281,"date":"2016-06-17T13:00:00","date_gmt":"2016-06-17T16:00:00","guid":{"rendered":"http:\/\/blogdoedvaldomagalhaes.com.br\/index.php\/2016\/06\/17\/comissao-de-vereadores-entrega\/"},"modified":"2019-02-09T00:43:41","modified_gmt":"2019-02-09T02:43:41","slug":"comissao-de-vereadores-entrega","status":"publish","type":"post","link":"https:\/\/blogdoedvaldomagalhaes.com.br\/index.php\/2016\/06\/17\/comissao-de-vereadores-entrega\/","title":{"rendered":"Comiss\u00e3o de Vereadores entrega relat\u00f3rio de visita ao Hospital S\u00e3o Sebasti\u00e3o"},"content":{"rendered":"<div class=\"MsoNormal\" style=\"text-align: justify;\">\nNa      noite dessa      quinta-feira (16.06), a C\u00e2mara Municipal de Caruaru realizou a      pen\u00faltima reuni\u00e3o      p\u00fablica antes do recesso parlamentar, que se inicia no pr\u00f3ximo dia      21. Na Ordem      do Dia, sess\u00e3o solene para entrega do t\u00edtulo de cidadania      caruaruense ao ator,      mestre mamulengueiro e produtor cultural Sebasti\u00e3o Alves, o Seb\u00e1,      e a vota\u00e7\u00e3o      de 41 proposituras.<\/div>\n<div class=\"MsoNormal\" style=\"text-align: justify;\">\nDepois      da      homenagem, o estacionamento em frente \u00e0 Casa do Povo virou palco      para a estreia      do espet\u00e1culo \u201cA saga do Mestre Seb\u00e1\u201d, dirigido por Gabriel S\u00e1,      encenado em      pernas de pau pela Companhia Pernas pra Circular.<\/div>\n<div class=\"MsoNormal\" style=\"text-align: justify;\">\n<b>Proposituras<\/b> \u2013 C\u00e2mara      realizou a 35\u00aa       reuni\u00e3o p\u00fablica ordin\u00e1ria da 4\u00aa sess\u00e3o legislativa e votou a Ordem      do Dia,      aprovando tr\u00eas projetos de lei &#8211; dois para nomina\u00e7\u00e3o de ruas,      propositura do      vereador Edjailson da Caru Forr\u00f3 (PRTB), e um do vereador Nino do      Rap (PSDC),      instituindo a Semana e o Dia Municipal de Cultura Hip Hop (a ser      comemorado em      5 de novembro), quinze requerimentos e uma indica\u00e7\u00e3o. O vereador Heleno do Inocoop (PRTB), que pediu a constru\u00e7\u00e3o de um      centro de      cardiologia municipal de grande porte, atrav\u00e9s de requerimento.<\/div>\n<div class=\"MsoNormal\" style=\"text-align: justify;\">\nNa      tribuna, o      destaque foi a apresenta\u00e7\u00e3o do relat\u00f3rio da visita que a Comiss\u00e3o      Parlamentar      de Sa\u00fade e Assist\u00eancia        Social &#8211;       presidida pelo vereador Dem\u00f3stenes Veras e composta pelos      vereadores Gilberto      de Dora (PSDB) e Carlos Santos&nbsp;(PRB) \u2013 realizou no in\u00edcio do m\u00eas,      junto      com o vereador Rodrigues da Ceaca (PRTB) e o Conselho Municipal de      Sa\u00fade, \u00e0s      obras do Hospital S\u00e3o Sebasti\u00e3o. \u201cDe in\u00edcio nos foi dito pelo      engenheiro da      construtora [SBM] que a responsabilidade da constru\u00e7\u00e3o da parte      inferior era da      prefeitura da cidade e que a parte superior era da      responsabilidade do governo      do Estado. Na parte inferior n\u00e3o estava sendo realizada nenhuma      obra de      constru\u00e7\u00e3o ou reforma de instala\u00e7\u00f5es f\u00edsicas, ao passo que a parte      superior j\u00e1      estava com 85% das obras conclu\u00eddas\u201d, relatou o vereador      Dem\u00f3stenes. O relat\u00f3rio      informa ainda que, de acordo com Benaia Cavalcante, engenheiro da      SMS      Construtora, existe um d\u00e9bito de cerca de R$ 2 milh\u00f5es e 500 mil      do governo do      Estado para com a empresa, o que motivou a paralisa\u00e7\u00e3o da obra, e      que \u201cse o      Estado pagasse o atrasado\u201d, a construtora entregaria o pr\u00e9dio      reformado em 30      dias.<\/div>\n<div class=\"MsoNormal\" style=\"text-align: justify;\">\nO      relat\u00f3rio foi      entregue \u00e0 Mesa Diretora da C\u00e2mara, com c\u00f3pia para as secretarias      de Sa\u00fade do      munic\u00edpio e do estado e o Minist\u00e9rio P\u00fablico.<\/div>\n<div class=\"MsoNormal\" style=\"text-align: justify;\">\nA      pr\u00f3xima \u2013 e \u00faltima       &#8211; reuni\u00e3o p\u00fablica ordin\u00e1ria antes do recesso foi convocada pelo      presidente      Leonardo Chaves para a segunda-feira, dia 20, \u00e0s 20h.<\/div>\n<div class=\"MsoNormal\" style=\"text-align: justify;\">\n<\/div>\n<div class=\"separator\" style=\"clear: both; text-align: center;\">\n<a href=\"https:\/\/4.bp.blogspot.com\/-L_kgKVtn_0c\/V2Pdr8Jp3nI\/AAAAAAAAAYw\/v0n9fddfgZcYvjOufWc8ezaWTd8NTroVACLcB\/s1600\/camara.png\" imageanchor=\"1\" style=\"margin-left: 1em; margin-right: 1em;\"><img loading=\"lazy\" decoding=\"async\" border=\"0\" height=\"225\" src=\"http:\/\/blogdoedvaldomagalhaes.com.br\/wp-content\/uploads\/2016\/06\/camara.png\" width=\"320\" \/><\/a><\/div>\n<div class=\"MsoNormal\" style=\"text-align: justify;\">\n<\/div>\n","protected":false},"excerpt":{"rendered":"<p>Na noite dessa quinta-feira (16.06), a C\u00e2mara Municipal de Caruaru realizou a pen\u00faltima reuni\u00e3o p\u00fablica antes do recesso parlamentar, que&hellip;<\/p>\n","protected":false},"author":1,"featured_media":0,"comment_status":"open","ping_status":"open","sticky":false,"template":"","format":"standard","meta":{"footnotes":""},"categories":[1],"tags":[4476,14059,20,6995,14060],"class_list":["post-9281","post","type-post","status-publish","format-standard","hentry","category-sem-categoria","tag-camara-de-vereadores-de-caruaru","tag-companhia-pernas-pra-circular","tag-politica","tag-seba","tag-teatro-mamuseba"],"_links":{"self":[{"href":"https:\/\/blogdoedvaldomagalhaes.com.br\/index.php\/wp-json\/wp\/v2\/posts\/9281","targetHints":{"allow":["GET"]}}],"collection":[{"href":"https:\/\/blogdoedvaldomagalhaes.com.br\/index.php\/wp-json\/wp\/v2\/posts"}],"about":[{"href":"https:\/\/blogdoedvaldomagalhaes.com.br\/index.php\/wp-json\/wp\/v2\/types\/post"}],"author":[{"embeddable":true,"href":"https:\/\/blogdoedvaldomagalhaes.com.br\/index.php\/wp-json\/wp\/v2\/users\/1"}],"replies":[{"embeddable":true,"href":"https:\/\/blogdoedvaldomagalhaes.com.br\/index.php\/wp-json\/wp\/v2\/comments?post=9281"}],"version-history":[{"count":1,"href":"https:\/\/blogdoedvaldomagalhaes.com.br\/index.php\/wp-json\/wp\/v2\/posts\/9281\/revisions"}],"predecessor-version":[{"id":9477,"href":"https:\/\/blogdoedvaldomagalhaes.com.br\/index.php\/wp-json\/wp\/v2\/posts\/9281\/revisions\/9477"}],"wp:attachment":[{"href":"https:\/\/blogdoedvaldomagalhaes.com.br\/index.php\/wp-json\/wp\/v2\/media?parent=9281"}],"wp:term":[{"taxonomy":"category","embeddable":true,"href":"https:\/\/blogdoedvaldomagalhaes.com.br\/index.php\/wp-json\/wp\/v2\/categories?post=9281"},{"taxonomy":"post_tag","embeddable":true,"href":"https:\/\/blogdoedvaldomagalhaes.com.br\/index.php\/wp-json\/wp\/v2\/tags?post=9281"}],"curies":[{"name":"wp","href":"https:\/\/api.w.org\/{rel}","templated":true}]}}