{"id":9264,"date":"2016-06-19T14:06:00","date_gmt":"2016-06-19T17:06:00","guid":{"rendered":"http:\/\/blogdoedvaldomagalhaes.com.br\/index.php\/2016\/06\/19\/saiba-quais-sao-comidas-gigantes-hoje\/"},"modified":"2019-02-09T00:44:03","modified_gmt":"2019-02-09T02:44:03","slug":"saiba-quais-sao-comidas-gigantes-hoje","status":"publish","type":"post","link":"https:\/\/blogdoedvaldomagalhaes.com.br\/index.php\/2016\/06\/19\/saiba-quais-sao-comidas-gigantes-hoje\/","title":{"rendered":"Saiba quais s\u00e3o Comidas Gigantes hoje em Caruaru"},"content":{"rendered":"<div style=\"text-align: justify;\">\nO blog tr\u00e1s a programa\u00e7\u00e3o das Comidas Gigantes de Caruaru, deste domingo (19.06), com hor\u00e1rios e locais, tanto pela Uni\u00e3o, como tamb\u00e9m pela Associa\u00e7\u00e3o.Todas as festas ter\u00e3o a cobertura das R\u00e1dios Liberdade, com o rep\u00f3rter Helenivaldo Pereira.<\/div>\n<p>\n<b>Uni\u00e3o das Comidas Gigantes de Caruaru:<\/b><\/p>\n<p>Caipirinha Gigante \u2013 Vila Kennedy &#8211; a festa come\u00e7a \u00e0s 15h<\/p>\n<div class=\"separator\" style=\"clear: both; text-align: center;\">\n<a href=\"https:\/\/4.bp.blogspot.com\/-3ONCJsTwTDs\/V2ampXJ2fsI\/AAAAAAAAAgs\/oAp3x2iOctU42WlWxqv71QO2bLkC5gt7QCLcB\/s1600\/caipirinha.jpg\" imageanchor=\"1\" style=\"margin-left: 1em; margin-right: 1em;\"><img loading=\"lazy\" decoding=\"async\" border=\"0\" height=\"258\" src=\"http:\/\/blogdoedvaldomagalhaes.com.br\/wp-content\/uploads\/2016\/06\/caipirinha.jpg\" width=\"320\" \/><\/a><\/div>\n<p>\nSalgadinho de Milho Gigante \u2013 no bairro Jos\u00e9 Ant\u00f4nio Liberato &#8211; come\u00e7ando \u00e0s 16h<\/p>\n<div class=\"separator\" style=\"clear: both; text-align: center;\">\n<a href=\"http:\/\/blogdoedvaldomagalhaes.com.br\/wp-content\/uploads\/2016\/06\/salgadinho.png\" imageanchor=\"1\" style=\"margin-left: 1em; margin-right: 1em;\"><img decoding=\"async\" border=\"0\" src=\"http:\/\/blogdoedvaldomagalhaes.com.br\/wp-content\/uploads\/2016\/06\/salgadinho.png\" \/><\/a><\/div>\n<div style=\"text-align: justify;\">\nMaior Milho Assado do Mundo \u2013 na rua Coelho Neto, no bairro Santa Rosa &#8211; come\u00e7a \u00e0s 15h, a festa \u00e9 organizada por Sidcley e Walk\u00edria.<\/div>\n<div class=\"separator\" style=\"clear: both; text-align: center;\">\n<\/div>\n<p><\/p>\n<div class=\"separator\" style=\"clear: both; text-align: center;\">\n<a href=\"http:\/\/blogdoedvaldomagalhaes.com.br\/wp-content\/uploads\/2016\/06\/milhoassado.jpg\" imageanchor=\"1\" style=\"margin-left: 1em; margin-right: 1em;\"><img decoding=\"async\" border=\"0\" src=\"http:\/\/blogdoedvaldomagalhaes.com.br\/wp-content\/uploads\/2016\/06\/milhoassado.jpg\" \/><\/a><\/div>\n<div style=\"text-align: justify;\">\n<\/div>\n<div style=\"text-align: justify;\">\nMacaxeira Gigante &#8211; no Posto Agamenon Magalh\u00e3es &#8211; come\u00e7a \u00e0s 15h, e a organiza\u00e7\u00e3o \u00e9 de Marc\u00edlio Bernardo.<\/div>\n<div style=\"text-align: justify;\">\n<\/div>\n<div class=\"separator\" style=\"clear: both; text-align: center;\">\n<a href=\"https:\/\/1.bp.blogspot.com\/-nk9HrnuXybs\/V2ak94E3gfI\/AAAAAAAAAgM\/KbrZT-apYYUKss5MstPpsMKaewO3MIaZgCLcB\/s1600\/macaxeira.jpg\" imageanchor=\"1\" style=\"margin-left: 1em; margin-right: 1em;\"><img loading=\"lazy\" decoding=\"async\" border=\"0\" height=\"160\" src=\"http:\/\/blogdoedvaldomagalhaes.com.br\/wp-content\/uploads\/2016\/06\/macaxeira-1.jpg\" width=\"320\" \/><\/a><\/div>\n<div style=\"text-align: justify;\">\n<\/div>\n<p><b>Associa\u00e7\u00e3o dos Idealizadores das Comidas Gigantes:<\/b><\/p>\n<div style=\"text-align: justify;\">\nMaior Cozido de Milho do Mundo \u2013 na rua Capit\u00e3o D\u00e9, no bairro Santa Rosa &#8211; come\u00e7a \u00e1s 19h, e a festa \u00e9 organizada por Andr\u00e9 Carlos.&nbsp;<\/div>\n<div style=\"text-align: justify;\">\n<\/div>\n<div class=\"separator\" style=\"clear: both; text-align: center;\">\n<a href=\"https:\/\/4.bp.blogspot.com\/-6ZYHDX17WCc\/V2akvV2fyfI\/AAAAAAAAAgE\/3d4lMARtlwgEjZhq1XuJK4vNbu4Me3TcQCLcB\/s1600\/cozido%2Bde%2Bmilho.jpg\" imageanchor=\"1\" style=\"margin-left: 1em; margin-right: 1em;\"><img loading=\"lazy\" decoding=\"async\" border=\"0\" height=\"212\" src=\"http:\/\/blogdoedvaldomagalhaes.com.br\/wp-content\/uploads\/2016\/06\/cozidodemilho.jpg\" width=\"320\" \/><\/a><\/div>\n<div style=\"text-align: justify;\">\n<\/div>\n","protected":false},"excerpt":{"rendered":"<p>O blog tr\u00e1s a programa\u00e7\u00e3o das Comidas Gigantes de Caruaru, deste domingo (19.06), com hor\u00e1rios e locais, tanto pela Uni\u00e3o,&hellip;<\/p>\n","protected":false},"author":1,"featured_media":0,"comment_status":"open","ping_status":"open","sticky":false,"template":"","format":"standard","meta":{"footnotes":""},"categories":[1],"tags":[14031,13904,10243,14032,14033,6,12070],"class_list":["post-9264","post","type-post","status-publish","format-standard","hentry","category-sem-categoria","tag-caipirinha","tag-comidas-gigantes","tag-cozido-de-milho","tag-macaxeira","tag-milho-assado","tag-noticias","tag-salgadinho"],"_links":{"self":[{"href":"https:\/\/blogdoedvaldomagalhaes.com.br\/index.php\/wp-json\/wp\/v2\/posts\/9264","targetHints":{"allow":["GET"]}}],"collection":[{"href":"https:\/\/blogdoedvaldomagalhaes.com.br\/index.php\/wp-json\/wp\/v2\/posts"}],"about":[{"href":"https:\/\/blogdoedvaldomagalhaes.com.br\/index.php\/wp-json\/wp\/v2\/types\/post"}],"author":[{"embeddable":true,"href":"https:\/\/blogdoedvaldomagalhaes.com.br\/index.php\/wp-json\/wp\/v2\/users\/1"}],"replies":[{"embeddable":true,"href":"https:\/\/blogdoedvaldomagalhaes.com.br\/index.php\/wp-json\/wp\/v2\/comments?post=9264"}],"version-history":[{"count":1,"href":"https:\/\/blogdoedvaldomagalhaes.com.br\/index.php\/wp-json\/wp\/v2\/posts\/9264\/revisions"}],"predecessor-version":[{"id":9532,"href":"https:\/\/blogdoedvaldomagalhaes.com.br\/index.php\/wp-json\/wp\/v2\/posts\/9264\/revisions\/9532"}],"wp:attachment":[{"href":"https:\/\/blogdoedvaldomagalhaes.com.br\/index.php\/wp-json\/wp\/v2\/media?parent=9264"}],"wp:term":[{"taxonomy":"category","embeddable":true,"href":"https:\/\/blogdoedvaldomagalhaes.com.br\/index.php\/wp-json\/wp\/v2\/categories?post=9264"},{"taxonomy":"post_tag","embeddable":true,"href":"https:\/\/blogdoedvaldomagalhaes.com.br\/index.php\/wp-json\/wp\/v2\/tags?post=9264"}],"curies":[{"name":"wp","href":"https:\/\/api.w.org\/{rel}","templated":true}]}}