{"id":9263,"date":"2016-06-19T15:25:00","date_gmt":"2016-06-19T18:25:00","guid":{"rendered":"http:\/\/blogdoedvaldomagalhaes.com.br\/index.php\/2016\/06\/19\/seis-pessoas-morrem-em-acidente-nesta\/"},"modified":"2019-02-09T00:44:04","modified_gmt":"2019-02-09T02:44:04","slug":"seis-pessoas-morrem-em-acidente-nesta","status":"publish","type":"post","link":"https:\/\/blogdoedvaldomagalhaes.com.br\/index.php\/2016\/06\/19\/seis-pessoas-morrem-em-acidente-nesta\/","title":{"rendered":"Seis pessoas morrem em acidente nesta manh\u00e3"},"content":{"rendered":"<div style=\"text-align: left;\">\n<div class=\"MsoNormal\" style=\"line-height: 115%; margin-bottom: .0001pt; margin-bottom: 0cm; text-align: justify;\">\nUm<br \/>\nacidente automobil\u00edstico ocorreu na manh\u00e3 deste domingo (19.06), por volta das<br \/>\n06 horas da manh\u00e3. Um carro modelo Ford Fiesta de cor preta, placas de S\u00e3o Jos\u00e9<br \/>\ndo Egito, no sert\u00e3o pernambucano, caiu de uma ponte na sa\u00edda na PE-177, pr\u00f3ximo<br \/>\nao munic\u00edpio de Canhotinho, no agreste do estado.De acordo com as primeiras<br \/>\ninforma\u00e7\u00f5es, seis pessoas morreram.<\/p>\n<p>O motorista teria perdido o controle da<br \/>\ndire\u00e7\u00e3o, e passou reto na curva que d\u00e1 acesso \u00e0 ponte caindo de uma altura de<br \/>\nseis metros, entre as vitimas duas s\u00e3o mulheres quatro homens. As v\u00edtimas foram<br \/>\nidentificadas por Adelson Francisco de Oliveira, 44 anos, Josenildo Bernardo de<br \/>\nSouza, 31 anos, Alex da Silva Oliveira, 17 anos, Anderson Henrique Madeira, 20<br \/>\nanos, Irenilda Teresa Bernardo e Leigila Bernardo de Oliveira, cerca de 16<br \/>\nanos.Estre as seis v\u00edtimas, tr\u00eas eram da mesma fam\u00edlia. A jovem Leigila era<br \/>\nfilha do casal Josenildo Bernardo de Souza e Irenilda Teresa Bernardo.<\/p><\/div>\n<div class=\"MsoNormal\" style=\"line-height: 115%; margin-bottom: .0001pt; margin-bottom: 0cm; text-align: justify;\">\n<\/div>\n<div class=\"MsoNormal\" style=\"line-height: 115%; margin-bottom: .0001pt; margin-bottom: 0cm; text-align: justify;\">\nA<br \/>\nPol\u00edcia Militar foi acionada e se dirigiu ao local para fazer o isolamento da<br \/>\nrodovia. Os corpos devem ser removidos para o Instituto de Medicina Legal (IML,<br \/>\nem Caruaru.<\/div>\n<div class=\"MsoNormal\" style=\"line-height: 115%; margin-bottom: .0001pt; margin-bottom: 0cm; text-align: justify;\">\n<\/div>\n<\/div>\n<div class=\"separator\" style=\"clear: both; text-align: center;\">\n<a href=\"https:\/\/1.bp.blogspot.com\/-nKDYuW9DqsQ\/V2a5UKoNYxI\/AAAAAAAAAhA\/eeudzXk3UYoWzZGYssbu8tY_sEqF1ojlQCLcB\/s1600\/acidente.jpg\" imageanchor=\"1\" style=\"margin-left: 1em; margin-right: 1em;\"><img loading=\"lazy\" decoding=\"async\" border=\"0\" height=\"180\" src=\"http:\/\/blogdoedvaldomagalhaes.com.br\/wp-content\/uploads\/2016\/06\/acidente.jpg\" width=\"320\" \/><\/a><\/div>\n<div class=\"separator\" style=\"clear: both; text-align: center;\">\nFoto: Marcos Andr\u00e9 &#8211; Vec Garanhuns<\/div>\n","protected":false},"excerpt":{"rendered":"<p>Um acidente automobil\u00edstico ocorreu na manh\u00e3 deste domingo (19.06), por volta das 06 horas da manh\u00e3. Um carro modelo Ford&hellip;<\/p>\n","protected":false},"author":1,"featured_media":0,"comment_status":"open","ping_status":"open","sticky":false,"template":"","format":"standard","meta":{"footnotes":""},"categories":[1],"tags":[11649,3406,14029,3149,6,14030,6173,12734],"class_list":["post-9263","post","type-post","status-publish","format-standard","hentry","category-sem-categoria","tag-canhotinho","tag-caruaru","tag-ford-fiesta","tag-iml","tag-noticias","tag-pe-177","tag-policia-militar","tag-sao-jose-do-egito"],"_links":{"self":[{"href":"https:\/\/blogdoedvaldomagalhaes.com.br\/index.php\/wp-json\/wp\/v2\/posts\/9263","targetHints":{"allow":["GET"]}}],"collection":[{"href":"https:\/\/blogdoedvaldomagalhaes.com.br\/index.php\/wp-json\/wp\/v2\/posts"}],"about":[{"href":"https:\/\/blogdoedvaldomagalhaes.com.br\/index.php\/wp-json\/wp\/v2\/types\/post"}],"author":[{"embeddable":true,"href":"https:\/\/blogdoedvaldomagalhaes.com.br\/index.php\/wp-json\/wp\/v2\/users\/1"}],"replies":[{"embeddable":true,"href":"https:\/\/blogdoedvaldomagalhaes.com.br\/index.php\/wp-json\/wp\/v2\/comments?post=9263"}],"version-history":[{"count":1,"href":"https:\/\/blogdoedvaldomagalhaes.com.br\/index.php\/wp-json\/wp\/v2\/posts\/9263\/revisions"}],"predecessor-version":[{"id":9534,"href":"https:\/\/blogdoedvaldomagalhaes.com.br\/index.php\/wp-json\/wp\/v2\/posts\/9263\/revisions\/9534"}],"wp:attachment":[{"href":"https:\/\/blogdoedvaldomagalhaes.com.br\/index.php\/wp-json\/wp\/v2\/media?parent=9263"}],"wp:term":[{"taxonomy":"category","embeddable":true,"href":"https:\/\/blogdoedvaldomagalhaes.com.br\/index.php\/wp-json\/wp\/v2\/categories?post=9263"},{"taxonomy":"post_tag","embeddable":true,"href":"https:\/\/blogdoedvaldomagalhaes.com.br\/index.php\/wp-json\/wp\/v2\/tags?post=9263"}],"curies":[{"name":"wp","href":"https:\/\/api.w.org\/{rel}","templated":true}]}}