{"id":9258,"date":"2016-06-20T14:45:00","date_gmt":"2016-06-20T17:45:00","guid":{"rendered":"http:\/\/blogdoedvaldomagalhaes.com.br\/index.php\/2016\/06\/20\/ministerio-publico-recomenda-que\/"},"modified":"2019-02-09T00:44:07","modified_gmt":"2019-02-09T02:44:07","slug":"ministerio-publico-recomenda-que","status":"publish","type":"post","link":"https:\/\/blogdoedvaldomagalhaes.com.br\/index.php\/2016\/06\/20\/ministerio-publico-recomenda-que\/","title":{"rendered":"Minist\u00e9rio P\u00fablico recomenda que artistas n\u00e3o promovam pol\u00edticos no S\u00e3o Jo\u00e3o de Caruaru"},"content":{"rendered":"<div style=\"color: #333333; font-size: 15px; list-style: none; text-align: justify;\">\nO Minist\u00e9rio P\u00fablico de Pernambuco recomendou ao prefeito Jos\u00e9 Queiroz, a presidente da Funda\u00e7\u00e3o de Cultura e Turismo, L\u00facia F\u00e9lix, e aos artistas contratados pelo poder p\u00fablica uma s\u00e9rie de medidas. O objetivo \u00e9 impedir o uso eleitoreiro das apresenta\u00e7\u00f5es musicais do S\u00e3o Jo\u00e3o.<\/div>\n<div style=\"color: #333333; font-size: 15px; list-style: none; text-align: justify;\">\n&nbsp;<\/div>\n<div style=\"color: #333333; font-size: 15px; list-style: none; text-align: justify;\">\nDe acordo com a decis\u00e3o do Minist\u00e9rio P\u00fablico, a Prefeitura deve determina aos contratados, patrocinados e copatrocinados que n\u00e3o divulguem, durante suas apresenta\u00e7\u00f5es, nomes, s\u00edmbolos ou imagens alusivos a agentes p\u00fablicos ou particulares e seus familiares. Da mesma forma, tamb\u00e9m n\u00e3o devem ser feitas men\u00e7\u00f5es a esses agentes, sob pena de caracterizar promo\u00e7\u00e3o pessoal.<\/div>\n<div style=\"color: #333333; font-size: 15px; list-style: none; text-align: justify;\">\n&nbsp;<\/div>\n<div style=\"color: #333333; font-size: 15px; list-style: none; text-align: justify;\">\nA presidente da Funda\u00e7\u00e3o de Cultura e Turismo de Caruaru deve ainda fazer constar nos contratos firmados pelo \u00f3rg\u00e3o uma cl\u00e1usula proibitiva, com imposi\u00e7\u00e3o de san\u00e7\u00e3o em caso de men\u00e7\u00e3o ou divulga\u00e7\u00e3o de nomes, s\u00edmbolos ou imagens alusivas a agentes p\u00fablicos ou particulares. Os contratos devem, ainda, vedar que os artistas usem quaisquer termos para tentar consagrar a determinadas pessoas a realiza\u00e7\u00e3o das festividades populares.<\/div>\n<div style=\"color: #333333; font-size: 15px; list-style: none; text-align: justify;\">\nFonte: R\u00e1dios Liberdade<\/div>\n<div style=\"color: #333333; font-family: &quot;Open Sans&quot;, sans-serif; font-size: 15px; list-style: none; text-align: justify;\">\n<\/div>\n<div class=\"separator\" style=\"clear: both; text-align: center;\">\n<a href=\"https:\/\/4.bp.blogspot.com\/-a-_jVxtbt-g\/V2gAtGQF0WI\/AAAAAAAAAjY\/TM9bTt_bBy8FBbGoG1zCtxHO2uxZ2bh-gCLcB\/s1600\/s%25C3%25A3o%2Bjo%25C3%25A3o.jpg\" imageanchor=\"1\" style=\"margin-left: 1em; margin-right: 1em;\"><img loading=\"lazy\" decoding=\"async\" border=\"0\" height=\"180\" src=\"http:\/\/blogdoedvaldomagalhaes.com.br\/wp-content\/uploads\/2016\/06\/sC3A3ojoC3A3o-1.jpg\" width=\"320\" \/><\/a><\/div>\n<div class=\"separator\" style=\"clear: both; text-align: center;\">\nFoto: Sonaly Oliveira<\/div>\n<div style=\"color: #333333; font-family: &quot;Open Sans&quot;, sans-serif; font-size: 15px; list-style: none; text-align: justify;\">\n<\/div>\n","protected":false},"excerpt":{"rendered":"<p>O Minist\u00e9rio P\u00fablico de Pernambuco recomendou ao prefeito Jos\u00e9 Queiroz, a presidente da Funda\u00e7\u00e3o de Cultura e Turismo, L\u00facia F\u00e9lix,&hellip;<\/p>\n","protected":false},"author":1,"featured_media":0,"comment_status":"open","ping_status":"open","sticky":false,"template":"","format":"standard","meta":{"footnotes":""},"categories":[1],"tags":[4868,5152,14015,6193,6,3634,6222],"class_list":["post-9258","post","type-post","status-publish","format-standard","hentry","category-sem-categoria","tag-fundacao-de-cultura-e-turismo","tag-jose-queiroz","tag-lucia-felix","tag-ministerio-publico","tag-noticias","tag-pdt","tag-sao-joao-de-caruaru"],"_links":{"self":[{"href":"https:\/\/blogdoedvaldomagalhaes.com.br\/index.php\/wp-json\/wp\/v2\/posts\/9258","targetHints":{"allow":["GET"]}}],"collection":[{"href":"https:\/\/blogdoedvaldomagalhaes.com.br\/index.php\/wp-json\/wp\/v2\/posts"}],"about":[{"href":"https:\/\/blogdoedvaldomagalhaes.com.br\/index.php\/wp-json\/wp\/v2\/types\/post"}],"author":[{"embeddable":true,"href":"https:\/\/blogdoedvaldomagalhaes.com.br\/index.php\/wp-json\/wp\/v2\/users\/1"}],"replies":[{"embeddable":true,"href":"https:\/\/blogdoedvaldomagalhaes.com.br\/index.php\/wp-json\/wp\/v2\/comments?post=9258"}],"version-history":[{"count":1,"href":"https:\/\/blogdoedvaldomagalhaes.com.br\/index.php\/wp-json\/wp\/v2\/posts\/9258\/revisions"}],"predecessor-version":[{"id":9549,"href":"https:\/\/blogdoedvaldomagalhaes.com.br\/index.php\/wp-json\/wp\/v2\/posts\/9258\/revisions\/9549"}],"wp:attachment":[{"href":"https:\/\/blogdoedvaldomagalhaes.com.br\/index.php\/wp-json\/wp\/v2\/media?parent=9258"}],"wp:term":[{"taxonomy":"category","embeddable":true,"href":"https:\/\/blogdoedvaldomagalhaes.com.br\/index.php\/wp-json\/wp\/v2\/categories?post=9258"},{"taxonomy":"post_tag","embeddable":true,"href":"https:\/\/blogdoedvaldomagalhaes.com.br\/index.php\/wp-json\/wp\/v2\/tags?post=9258"}],"curies":[{"name":"wp","href":"https:\/\/api.w.org\/{rel}","templated":true}]}}