{"id":92486,"date":"2023-01-31T09:47:25","date_gmt":"2023-01-31T12:47:25","guid":{"rendered":"https:\/\/blogdoedvaldomagalhaes.com.br\/?p=92486"},"modified":"2023-01-31T11:26:28","modified_gmt":"2023-01-31T14:26:28","slug":"policia-federal-prende-mecanico-em-flagrante-e-apreende-ecstasy-em-caruaru","status":"publish","type":"post","link":"https:\/\/blogdoedvaldomagalhaes.com.br\/index.php\/2023\/01\/31\/policia-federal-prende-mecanico-em-flagrante-e-apreende-ecstasy-em-caruaru\/","title":{"rendered":"Pol\u00edcia Federal prende mec\u00e2nico em flagrante e apreende ecstasy em Caruaru"},"content":{"rendered":"<p style=\"text-align: justify;\"><span style=\"font-size: revert;\">A Pol\u00edcia Federal em Caruaru prendeu em flagrante nessa segunda-feira (30\/01) por volta das 12h, de um mec\u00e2nico de 21 anos, natural de Bezerros, e residente em Caruaru (possui antecedentes criminais \u2013 j\u00e1 foi preso por posse de droga para consumo pessoal em 2020). A pris\u00e3o aconteceu atrav\u00e9s de um trabalho de rotina e a a\u00e7\u00e3o teve como objetivo combater o tr\u00e1fico de drogas &#8211; especialmente sint\u00e9ticas, despachadas atrav\u00e9s de encomendas via postal. Nessas a\u00e7\u00f5es algumas encomendas postais s\u00e3o selecionadas e ao ser feita a entrega de um objeto ao seu destinat\u00e1rio residente no bairro do Vassoural, em Caruaru, foi detectado que dentro de uma panela de press\u00e3o havia cerca de 1Kg (um quilo) de ecstasy distribu\u00eddos em dois inv\u00f3lucros (cerca de 2 mil comprimidos).<\/span><\/p>\n<p style=\"text-align: justify;\">Terminada a abordagem e tendo sido encontrada droga, o suspeito, recebeu, voz de pris\u00e3o em flagrante, foi informado dos seus direitos e garantias constitucionais e em seguida foi conduzido para a Delegacia de Pol\u00edcia Federal em Caruaru, para as formalidades legais de Pol\u00edcia Judici\u00e1ria, onde acabou sendo autuado em flagrante pela pr\u00e1tica contida no Artigo 33 da Lei 11.343\/2006 (tr\u00e1fico de drogas) e, caso venham a ser condenado poder\u00e1 pegar penas que variam de 5 a 15 anos de reclus\u00e3o. Al\u00e9m da droga, tamb\u00e9m foi apreendido um aparelho celular.<\/p>\n<p style=\"text-align: justify;\">O preso ir\u00e1 realizar exame de corpo de delito e em seguida passar\u00e1 por audi\u00eancia de cust\u00f3dia e caso seja confirmada sua pris\u00e3o preventiva, seguir\u00e1 para o pres\u00eddio local onde ficar\u00e1 \u00e0 disposi\u00e7\u00e3o da Justi\u00e7a Estadual, caso contr\u00e1rio responder\u00e1 ao processo em liberdade.<\/p>\n<p style=\"text-align: justify;\">A droga possivelmente iria abastecer pontos de usu\u00e1rios visando as festividades carnavalescas. O ecstasy \u00e9 uma droga recreativa respons\u00e1vel por aumentar o estado de euforia e tamb\u00e9m a sensa\u00e7\u00e3o de prazer do usu\u00e1rio. Quando ingerida, os efeitos t\u00eam in\u00edcio ap\u00f3s 30 a 45 minutos e podem durar entre 4 e 8 horas. O uso da droga provoca a acelera\u00e7\u00e3o dos ritmos card\u00edacos e o aumento da press\u00e3o arterial, podendo levar ao rompimento de vasos sangu\u00edneos e hemorragias internos. Al\u00e9m disso, tamb\u00e9m pode causar les\u00f5es hep\u00e1ticas e amolecer ou aumentar o f\u00edgado. Dependendo do grau de toxicidade, pode evoluir para uma hepatite fulminante e causar morte.<\/p>\n<p style=\"text-align: justify;\">Siga o Instagram do Blog @blogdoedvaldomagalhaes<\/p>\n\n\n<figure class=\"wp-block-image size-large is-resized\"><img loading=\"lazy\" decoding=\"async\" src=\"https:\/\/blogdoedvaldomagalhaes.com.br\/wp-content\/uploads\/2023\/01\/4CDD5B88-256D-42F4-B6F3-758D8CBF308E-1024x585.jpeg\" alt=\"\" class=\"wp-image-92488\" width=\"426\" height=\"243\" srcset=\"https:\/\/blogdoedvaldomagalhaes.com.br\/wp-content\/uploads\/2023\/01\/4CDD5B88-256D-42F4-B6F3-758D8CBF308E-1024x585.jpeg 1024w, https:\/\/blogdoedvaldomagalhaes.com.br\/wp-content\/uploads\/2023\/01\/4CDD5B88-256D-42F4-B6F3-758D8CBF308E-300x171.jpeg 300w, https:\/\/blogdoedvaldomagalhaes.com.br\/wp-content\/uploads\/2023\/01\/4CDD5B88-256D-42F4-B6F3-758D8CBF308E-768x438.jpeg 768w, https:\/\/blogdoedvaldomagalhaes.com.br\/wp-content\/uploads\/2023\/01\/4CDD5B88-256D-42F4-B6F3-758D8CBF308E.jpeg 1277w\" sizes=\"auto, (max-width: 426px) 100vw, 426px\" \/><\/figure>\n\n\n\n<figure class=\"wp-block-image size-large is-resized\"><img loading=\"lazy\" decoding=\"async\" src=\"https:\/\/blogdoedvaldomagalhaes.com.br\/wp-content\/uploads\/2023\/01\/DDA994BD-03E8-4B1F-88A7-4FB3E88B8F6D-1024x734.jpeg\" alt=\"\" class=\"wp-image-92489\" width=\"476\" height=\"341\" srcset=\"https:\/\/blogdoedvaldomagalhaes.com.br\/wp-content\/uploads\/2023\/01\/DDA994BD-03E8-4B1F-88A7-4FB3E88B8F6D-1024x734.jpeg 1024w, https:\/\/blogdoedvaldomagalhaes.com.br\/wp-content\/uploads\/2023\/01\/DDA994BD-03E8-4B1F-88A7-4FB3E88B8F6D-300x215.jpeg 300w, https:\/\/blogdoedvaldomagalhaes.com.br\/wp-content\/uploads\/2023\/01\/DDA994BD-03E8-4B1F-88A7-4FB3E88B8F6D-768x551.jpeg 768w, https:\/\/blogdoedvaldomagalhaes.com.br\/wp-content\/uploads\/2023\/01\/DDA994BD-03E8-4B1F-88A7-4FB3E88B8F6D.jpeg 1050w\" sizes=\"auto, (max-width: 476px) 100vw, 476px\" \/><figcaption class=\"wp-element-caption\">Fotos: Divulga\u00e7\u00e3o\/PRF<\/figcaption><\/figure>\n","protected":false},"excerpt":{"rendered":"<p>A Pol\u00edcia Federal em Caruaru prendeu em flagrante nessa segunda-feira (30\/01) por volta das 12h, de um mec\u00e2nico de 21&hellip;<\/p>\n","protected":false},"author":1,"featured_media":92487,"comment_status":"closed","ping_status":"open","sticky":false,"template":"","format":"standard","meta":{"footnotes":""},"categories":[14121],"tags":[2,19532,3406,26675],"class_list":["post-92486","post","type-post","status-publish","format-standard","has-post-thumbnail","hentry","category-policial","tag-blog-do-edvaldo-magalhaes","tag-blog-mais-acessado-e-visualizado-de-caruaru-e-regiao","tag-caruaru","tag-policia-federal-prende-mecanico-em-flagrante-e-apreende-ecstasy-em-caruaru"],"_links":{"self":[{"href":"https:\/\/blogdoedvaldomagalhaes.com.br\/index.php\/wp-json\/wp\/v2\/posts\/92486","targetHints":{"allow":["GET"]}}],"collection":[{"href":"https:\/\/blogdoedvaldomagalhaes.com.br\/index.php\/wp-json\/wp\/v2\/posts"}],"about":[{"href":"https:\/\/blogdoedvaldomagalhaes.com.br\/index.php\/wp-json\/wp\/v2\/types\/post"}],"author":[{"embeddable":true,"href":"https:\/\/blogdoedvaldomagalhaes.com.br\/index.php\/wp-json\/wp\/v2\/users\/1"}],"replies":[{"embeddable":true,"href":"https:\/\/blogdoedvaldomagalhaes.com.br\/index.php\/wp-json\/wp\/v2\/comments?post=92486"}],"version-history":[{"count":2,"href":"https:\/\/blogdoedvaldomagalhaes.com.br\/index.php\/wp-json\/wp\/v2\/posts\/92486\/revisions"}],"predecessor-version":[{"id":92504,"href":"https:\/\/blogdoedvaldomagalhaes.com.br\/index.php\/wp-json\/wp\/v2\/posts\/92486\/revisions\/92504"}],"wp:featuredmedia":[{"embeddable":true,"href":"https:\/\/blogdoedvaldomagalhaes.com.br\/index.php\/wp-json\/wp\/v2\/media\/92487"}],"wp:attachment":[{"href":"https:\/\/blogdoedvaldomagalhaes.com.br\/index.php\/wp-json\/wp\/v2\/media?parent=92486"}],"wp:term":[{"taxonomy":"category","embeddable":true,"href":"https:\/\/blogdoedvaldomagalhaes.com.br\/index.php\/wp-json\/wp\/v2\/categories?post=92486"},{"taxonomy":"post_tag","embeddable":true,"href":"https:\/\/blogdoedvaldomagalhaes.com.br\/index.php\/wp-json\/wp\/v2\/tags?post=92486"}],"curies":[{"name":"wp","href":"https:\/\/api.w.org\/{rel}","templated":true}]}}