{"id":9248,"date":"2016-06-21T11:18:00","date_gmt":"2016-06-21T14:18:00","guid":{"rendered":"http:\/\/blogdoedvaldomagalhaes.com.br\/index.php\/2016\/06\/21\/ambulancias-quebradas-e-macas-retiras\/"},"modified":"2019-02-09T00:44:13","modified_gmt":"2019-02-09T02:44:13","slug":"ambulancias-quebradas-e-macas-retiras","status":"publish","type":"post","link":"https:\/\/blogdoedvaldomagalhaes.com.br\/index.php\/2016\/06\/21\/ambulancias-quebradas-e-macas-retiras\/","title":{"rendered":"Ambul\u00e2ncias quebradas e macas retidas prejudicam atendimento do Samu e popula\u00e7\u00e3o sofre"},"content":{"rendered":"<div style=\"color: #333333; font-family: &quot;Open Sans&quot;, sans-serif; font-size: 15px; list-style: none; text-align: justify;\">\nSegue em Caruaru, o caos no Servi\u00e7o de Atendimento M\u00f3vel de Urg\u00eancia (Samu). As equipes est\u00e3o impedidas de atender a popula\u00e7\u00e3o por causa de ambul\u00e2ncias quebradas e macas retidas no Hospital Regional do Agreste (HRA).<\/p>\n<\/div>\n<div style=\"color: #333333; font-family: &quot;Open Sans&quot;, sans-serif; font-size: 15px; list-style: none; text-align: justify;\">\n<\/div>\n<div style=\"color: #333333; font-family: &quot;Open Sans&quot;, sans-serif; font-size: 15px; list-style: none; text-align: justify;\">\nNa manh\u00e3 desta segunda-feira (20), apenas a UTI m\u00f3vel estava funcionando, segundo o m\u00e9dico regulador do \u00f3rg\u00e3o, Paulo Maciel, diretor regional do Sindicato dos M\u00e9dicos de Pernambuco (Simepe). Ele considerou um absurdo uma ocorr\u00eancia registrada durante a madrugada.<\/p>\n<\/div>\n<div style=\"color: #333333; font-family: &quot;Open Sans&quot;, sans-serif; font-size: 15px; list-style: none; text-align: justify;\">\n<\/div>\n<div style=\"color: #333333; font-family: &quot;Open Sans&quot;, sans-serif; font-size: 15px; list-style: none; text-align: justify;\">\nUma mulher estava em trabalho de parto e precisou do atendimento do Samu, que repassou a ocorr\u00eancia para o Corpo de Bombeiros, mas a corpora\u00e7\u00e3o tamb\u00e9m se encontrava sem ambul\u00e2ncia. Um m\u00e9dico regulador ajudou a fazer o parto por telefone.<\/p>\n<\/div>\n<div style=\"color: #333333; font-family: &quot;Open Sans&quot;, sans-serif; font-size: 15px; list-style: none; text-align: justify;\">\n<\/div>\n<div style=\"color: #333333; font-family: &quot;Open Sans&quot;, sans-serif; font-size: 15px; list-style: none; text-align: justify;\">\nNesta ter\u00e7a-feira (21), os m\u00e9dicos do Samu e da rede p\u00fablica municipal estar\u00e3o reunidos em assembleia, na Sociedade de Medicina, a partir das 20h. Este e outros pontos estar\u00e3o em discuss\u00e3o.<\/div>\n<div style=\"color: #333333; font-family: &quot;Open Sans&quot;, sans-serif; font-size: 15px; list-style: none; text-align: justify;\">\n<\/div>\n<div class=\"separator\" style=\"clear: both; text-align: center;\">\n<a href=\"https:\/\/2.bp.blogspot.com\/-NXeJ3OzjUZk\/V2kh-2S2YLI\/AAAAAAAAAoc\/egr_DBsrUVMBoRqmSQV3UoW_pCowIoRNACLcB\/s1600\/samu.jpg\" imageanchor=\"1\" style=\"margin-left: 1em; margin-right: 1em;\"><img loading=\"lazy\" decoding=\"async\" border=\"0\" height=\"181\" src=\"http:\/\/blogdoedvaldomagalhaes.com.br\/wp-content\/uploads\/2016\/06\/samu.jpg\" width=\"320\" \/><\/a><\/div>\n<div style=\"color: #333333; font-family: &quot;Open Sans&quot;, sans-serif; font-size: 15px; list-style: none; text-align: justify;\">\n<\/div>\n","protected":false},"excerpt":{"rendered":"<p>Segue em Caruaru, o caos no Servi\u00e7o de Atendimento M\u00f3vel de Urg\u00eancia (Samu). As equipes est\u00e3o impedidas de atender a&hellip;<\/p>\n","protected":false},"author":1,"featured_media":0,"comment_status":"open","ping_status":"open","sticky":false,"template":"","format":"standard","meta":{"footnotes":""},"categories":[1],"tags":[312,2083,6,3780,334,13556,3451],"class_list":["post-9248","post","type-post","status-publish","format-standard","hentry","category-sem-categoria","tag-hospital-regional-do-agreste","tag-hra","tag-noticias","tag-paulo-maciel","tag-samu","tag-simepe","tag-uti"],"_links":{"self":[{"href":"https:\/\/blogdoedvaldomagalhaes.com.br\/index.php\/wp-json\/wp\/v2\/posts\/9248","targetHints":{"allow":["GET"]}}],"collection":[{"href":"https:\/\/blogdoedvaldomagalhaes.com.br\/index.php\/wp-json\/wp\/v2\/posts"}],"about":[{"href":"https:\/\/blogdoedvaldomagalhaes.com.br\/index.php\/wp-json\/wp\/v2\/types\/post"}],"author":[{"embeddable":true,"href":"https:\/\/blogdoedvaldomagalhaes.com.br\/index.php\/wp-json\/wp\/v2\/users\/1"}],"replies":[{"embeddable":true,"href":"https:\/\/blogdoedvaldomagalhaes.com.br\/index.php\/wp-json\/wp\/v2\/comments?post=9248"}],"version-history":[{"count":1,"href":"https:\/\/blogdoedvaldomagalhaes.com.br\/index.php\/wp-json\/wp\/v2\/posts\/9248\/revisions"}],"predecessor-version":[{"id":9572,"href":"https:\/\/blogdoedvaldomagalhaes.com.br\/index.php\/wp-json\/wp\/v2\/posts\/9248\/revisions\/9572"}],"wp:attachment":[{"href":"https:\/\/blogdoedvaldomagalhaes.com.br\/index.php\/wp-json\/wp\/v2\/media?parent=9248"}],"wp:term":[{"taxonomy":"category","embeddable":true,"href":"https:\/\/blogdoedvaldomagalhaes.com.br\/index.php\/wp-json\/wp\/v2\/categories?post=9248"},{"taxonomy":"post_tag","embeddable":true,"href":"https:\/\/blogdoedvaldomagalhaes.com.br\/index.php\/wp-json\/wp\/v2\/tags?post=9248"}],"curies":[{"name":"wp","href":"https:\/\/api.w.org\/{rel}","templated":true}]}}