{"id":92479,"date":"2023-01-30T23:12:58","date_gmt":"2023-01-31T02:12:58","guid":{"rendered":"https:\/\/blogdoedvaldomagalhaes.com.br\/?p=92479"},"modified":"2023-01-30T23:26:02","modified_gmt":"2023-01-31T02:26:02","slug":"projeto-de-lei-enviado-a-camara-municipal-pelo-executivo-visando-criar-brigada-de-bombeiros-civis-atende-requerimento-do-vereador-cabo-cardoso","status":"publish","type":"post","link":"https:\/\/blogdoedvaldomagalhaes.com.br\/index.php\/2023\/01\/30\/projeto-de-lei-enviado-a-camara-municipal-pelo-executivo-visando-criar-brigada-de-bombeiros-civis-atende-requerimento-do-vereador-cabo-cardoso\/","title":{"rendered":"Projeto de Lei enviado a C\u00e2mara Municipal pelo Executivo visando criar brigada de bombeiros civis, atende requerimento do vereador Cabo Cardoso"},"content":{"rendered":"<p style=\"text-align: justify;\">O vereador Cabo Cardoso solicitou ao prefeito de Caruaru, Rodrigo Pinheiro, atrav\u00e9s de requerimento aprovado por unanimidade na C\u00e2mara Municipal, a cria\u00e7\u00e3o de uma brigada municipal de bombeiro civil, para que em todas as reparti\u00e7\u00f5es p\u00fablicas do munic\u00edpio existisse profissionais de plant\u00e3o. Na manh\u00e3 desta segunda-feira (30), o chefe do Poder Executivo enviou para o Poder Legislativo um Projeto de Lei, que atende a reivindica\u00e7\u00e3o do parlamentar.<\/p>\n<p style=\"text-align: justify;\">&#8220;Agrade\u00e7o ao prefeito Rodrigo Pinheiro, o envio de um projeto de lei onde ser\u00e1 criada uma brigada de bombeiros civis para atuarem nos pr\u00e9dios p\u00fablicos do nosso munic\u00edpio, essa medida dar\u00e1 mais seguran\u00e7a as pessoas que trabalham e transitam pelos pr\u00e9dios p\u00fablicos da administra\u00e7\u00e3o direta e indireta&#8221;, afirmou o vereador Cabo Cardoso<\/p>\n<p style=\"text-align: justify;\">Cr\u00e9dito da foto do vereador Cabo Cardoso: Vladimir Barreto.<\/p>\n","protected":false},"excerpt":{"rendered":"<p>O vereador Cabo Cardoso solicitou ao prefeito de Caruaru, Rodrigo Pinheiro, atrav\u00e9s de requerimento aprovado por unanimidade na C\u00e2mara Municipal,&hellip;<\/p>\n","protected":false},"author":1,"featured_media":92460,"comment_status":"closed","ping_status":"open","sticky":false,"template":"","format":"standard","meta":{"footnotes":""},"categories":[14122],"tags":[2,19532,3406,26674],"class_list":["post-92479","post","type-post","status-publish","format-standard","has-post-thumbnail","hentry","category-politica","tag-blog-do-edvaldo-magalhaes","tag-blog-mais-acessado-e-visualizado-de-caruaru-e-regiao","tag-caruaru","tag-projeto-de-lei-enviado-a-camara-municipal-pelo-executivo-visando-criar-uma-brigada-de-bombeiros-civis-atende-requerimento-do-vereador-cabo-cardoso"],"_links":{"self":[{"href":"https:\/\/blogdoedvaldomagalhaes.com.br\/index.php\/wp-json\/wp\/v2\/posts\/92479","targetHints":{"allow":["GET"]}}],"collection":[{"href":"https:\/\/blogdoedvaldomagalhaes.com.br\/index.php\/wp-json\/wp\/v2\/posts"}],"about":[{"href":"https:\/\/blogdoedvaldomagalhaes.com.br\/index.php\/wp-json\/wp\/v2\/types\/post"}],"author":[{"embeddable":true,"href":"https:\/\/blogdoedvaldomagalhaes.com.br\/index.php\/wp-json\/wp\/v2\/users\/1"}],"replies":[{"embeddable":true,"href":"https:\/\/blogdoedvaldomagalhaes.com.br\/index.php\/wp-json\/wp\/v2\/comments?post=92479"}],"version-history":[{"count":4,"href":"https:\/\/blogdoedvaldomagalhaes.com.br\/index.php\/wp-json\/wp\/v2\/posts\/92479\/revisions"}],"predecessor-version":[{"id":92485,"href":"https:\/\/blogdoedvaldomagalhaes.com.br\/index.php\/wp-json\/wp\/v2\/posts\/92479\/revisions\/92485"}],"wp:featuredmedia":[{"embeddable":true,"href":"https:\/\/blogdoedvaldomagalhaes.com.br\/index.php\/wp-json\/wp\/v2\/media\/92460"}],"wp:attachment":[{"href":"https:\/\/blogdoedvaldomagalhaes.com.br\/index.php\/wp-json\/wp\/v2\/media?parent=92479"}],"wp:term":[{"taxonomy":"category","embeddable":true,"href":"https:\/\/blogdoedvaldomagalhaes.com.br\/index.php\/wp-json\/wp\/v2\/categories?post=92479"},{"taxonomy":"post_tag","embeddable":true,"href":"https:\/\/blogdoedvaldomagalhaes.com.br\/index.php\/wp-json\/wp\/v2\/tags?post=92479"}],"curies":[{"name":"wp","href":"https:\/\/api.w.org\/{rel}","templated":true}]}}