{"id":92472,"date":"2023-01-30T20:35:28","date_gmt":"2023-01-30T23:35:28","guid":{"rendered":"https:\/\/blogdoedvaldomagalhaes.com.br\/?p=92472"},"modified":"2023-01-30T20:37:24","modified_gmt":"2023-01-30T23:37:24","slug":"apropriacao-indebita-prf-recupera-na-br-424-veiculo-nao-devolvido-a-locadora","status":"publish","type":"post","link":"https:\/\/blogdoedvaldomagalhaes.com.br\/index.php\/2023\/01\/30\/apropriacao-indebita-prf-recupera-na-br-424-veiculo-nao-devolvido-a-locadora\/","title":{"rendered":"Apropria\u00e7\u00e3o ind\u00e9bita: PRF recupera ve\u00edculo n\u00e3o devolvido \u00e0 locadora"},"content":{"rendered":"<p style=\"text-align: justify;\"><i>A Pol\u00edcia Rodovi\u00e1ria Federal (PRF) recuperou, na noite desse domingo (29), um ve\u00edculo Duster que possu\u00eda restri\u00e7\u00e3o por apropria\u00e7\u00e3o ind\u00e9bita. O carro havia sido alugado por um homem em uma locadora de ve\u00edculos em Jo\u00e3o Pessoa, na Para\u00edba, no ano de 2018, por\u00e9m n\u00e3o foi devolvido em 21\/05 conforme contrato.<\/i><\/p>\n<p style=\"text-align: justify;\"><i>Dois homens estavam no autom\u00f3vel quando receberam ordem de parada dos PRFs. A fiscaliza\u00e7\u00e3o foi no km 89 da BR-424. Em consulta aos sistemas os policias descobriram a restri\u00e7\u00e3o, que foi confirmada ap\u00f3s contato com um representante da empresa de loca\u00e7\u00e3o de ve\u00edculos.<\/i><\/p>\n<p style=\"text-align: justify;\"><i>O passageiro disse aos policias que o carro tinha como propriet\u00e1rio o pai falecido recentemente. De acordo com ele, o pai havia dado um outro carro em troca do Duster, em uma negocia\u00e7\u00e3o feita com um \u00edndio na cidade de \u00c1guas Belas. Os dois homens foram encaminhados para a Delegacia de Pol\u00edcia Civil, onde ir\u00e3o prestar esclarecimentos sobre a suposta recepta\u00e7\u00e3o de ve\u00edculo. Foto: Divulga\u00e7\u00e3o\/PRF.<\/i><\/p>\n<p style=\"text-align: justify;\">Siga o Instagram do Blog @blogdoedvaldomagalhaes<\/p>\n","protected":false},"excerpt":{"rendered":"<p>A Pol\u00edcia Rodovi\u00e1ria Federal (PRF) recuperou, na noite desse domingo (29), um ve\u00edculo Duster que possu\u00eda restri\u00e7\u00e3o por apropria\u00e7\u00e3o ind\u00e9bita.&hellip;<\/p>\n","protected":false},"author":1,"featured_media":92473,"comment_status":"closed","ping_status":"open","sticky":false,"template":"","format":"standard","meta":{"footnotes":""},"categories":[14121],"tags":[26672,2,19532,3406],"class_list":["post-92472","post","type-post","status-publish","format-standard","has-post-thumbnail","hentry","category-policial","tag-apropriacao-indebita-prf-recupera-na-br-424-veiculo-nao-devolvido-a-locadora","tag-blog-do-edvaldo-magalhaes","tag-blog-mais-acessado-e-visualizado-de-caruaru-e-regiao","tag-caruaru"],"_links":{"self":[{"href":"https:\/\/blogdoedvaldomagalhaes.com.br\/index.php\/wp-json\/wp\/v2\/posts\/92472","targetHints":{"allow":["GET"]}}],"collection":[{"href":"https:\/\/blogdoedvaldomagalhaes.com.br\/index.php\/wp-json\/wp\/v2\/posts"}],"about":[{"href":"https:\/\/blogdoedvaldomagalhaes.com.br\/index.php\/wp-json\/wp\/v2\/types\/post"}],"author":[{"embeddable":true,"href":"https:\/\/blogdoedvaldomagalhaes.com.br\/index.php\/wp-json\/wp\/v2\/users\/1"}],"replies":[{"embeddable":true,"href":"https:\/\/blogdoedvaldomagalhaes.com.br\/index.php\/wp-json\/wp\/v2\/comments?post=92472"}],"version-history":[{"count":2,"href":"https:\/\/blogdoedvaldomagalhaes.com.br\/index.php\/wp-json\/wp\/v2\/posts\/92472\/revisions"}],"predecessor-version":[{"id":92475,"href":"https:\/\/blogdoedvaldomagalhaes.com.br\/index.php\/wp-json\/wp\/v2\/posts\/92472\/revisions\/92475"}],"wp:featuredmedia":[{"embeddable":true,"href":"https:\/\/blogdoedvaldomagalhaes.com.br\/index.php\/wp-json\/wp\/v2\/media\/92473"}],"wp:attachment":[{"href":"https:\/\/blogdoedvaldomagalhaes.com.br\/index.php\/wp-json\/wp\/v2\/media?parent=92472"}],"wp:term":[{"taxonomy":"category","embeddable":true,"href":"https:\/\/blogdoedvaldomagalhaes.com.br\/index.php\/wp-json\/wp\/v2\/categories?post=92472"},{"taxonomy":"post_tag","embeddable":true,"href":"https:\/\/blogdoedvaldomagalhaes.com.br\/index.php\/wp-json\/wp\/v2\/tags?post=92472"}],"curies":[{"name":"wp","href":"https:\/\/api.w.org\/{rel}","templated":true}]}}