{"id":9247,"date":"2016-06-21T11:42:00","date_gmt":"2016-06-21T14:42:00","guid":{"rendered":"http:\/\/blogdoedvaldomagalhaes.com.br\/index.php\/2016\/06\/21\/artistas-que-estao-na-programacao-do\/"},"modified":"2019-02-09T00:44:17","modified_gmt":"2019-02-09T02:44:17","slug":"artistas-que-estao-na-programacao-do","status":"publish","type":"post","link":"https:\/\/blogdoedvaldomagalhaes.com.br\/index.php\/2016\/06\/21\/artistas-que-estao-na-programacao-do\/","title":{"rendered":"Artistas que est\u00e3o na programa\u00e7\u00e3o do S\u00e3o Jo\u00e3o de Caruaru recebem mais que em Campina Grande"},"content":{"rendered":"<div style=\"background-color: white; border: 0px; color: #4b4b4b; font-size: 16px; line-height: 25.6px; margin-bottom: 1.5em; outline: 0px; padding: 0px; text-align: justify; vertical-align: baseline;\">\n<div class=\"separator\" style=\"clear: both; text-align: center;\">\n<a href=\"http:\/\/blogdoedvaldomagalhaes.com.br\/wp-content\/uploads\/2016\/06\/wesley.jpg\" imageanchor=\"1\" style=\"margin-left: 1em; margin-right: 1em;\"><img decoding=\"async\" border=\"0\" src=\"http:\/\/blogdoedvaldomagalhaes.com.br\/wp-content\/uploads\/2016\/06\/wesley.jpg\" \/><\/a><\/div>\n<div class=\"separator\" style=\"clear: both; text-align: center;\">\n<\/div>\n<p>Os valores de alguns cach\u00eas de artistas nacionais que se apresentam no S\u00e3o Jo\u00e3o de Caruaru 2016, que foram colocados no Portal da Transpar\u00eancia da Prefeitura, est\u00e3o chamando a aten\u00e7\u00e3o, principalmente se comparar com os valores cobrados pelos mesmos artistas para apresenta\u00e7\u00f5es em Campina Grande-PB.&nbsp;<\/p><\/div>\n<div style=\"background-color: white; border: 0px; color: #4b4b4b; font-size: 16px; line-height: 25.6px; margin-bottom: 1.5em; outline: 0px; padding: 0px; text-align: justify; vertical-align: baseline;\">\nO cantor Wesley Safad\u00e3o cobrou R$ 575 mil para se apresentar em Caruaru, j\u00e1 em Campina o mesmo show vai custar R$ 190 mil. Um valor R$ 385 mil a mais que o pre\u00e7o cobrado por ele para se apresentar no mesmo dia no P\u00e1tio de Eventos Luiz Gonzaga.<\/div>\n<div style=\"background-color: white; border: 0px; color: #4b4b4b; font-size: 16px; line-height: 25.6px; margin-bottom: 1.5em; outline: 0px; padding: 0px; text-align: justify; vertical-align: baseline;\">\nA banda Avi\u00f5es do Forr\u00f3 se apresentou em Caruaru por um cach\u00ea de R$ 250 mil, enquanto em Campina ser\u00e1 R$ 195 mil, a paraibana Elba Ramalho recebeu R$ 190 mil em Caruaru e no seu estado natal vai se apresentar por R$ 160 mil.&nbsp;<\/div>\n<div style=\"background-color: white; border: 0px; color: #4b4b4b; font-size: 16px; line-height: 25.6px; margin-bottom: 1.5em; outline: 0px; padding: 0px; text-align: justify; vertical-align: baseline;\">\nEm Nota Oficial sobre o cach\u00ea de Wesley Safad\u00e3o, a Funda\u00e7\u00e3o de Cultura esclarece:<\/div>\n<div style=\"background-color: white; border: 0px; color: #4b4b4b; font-size: 16px; line-height: 25.6px; margin-bottom: 1.5em; outline: 0px; padding: 0px; text-align: justify; vertical-align: baseline;\">\n1- O show de Wesley Safad\u00e3o em Campina Grande, dia 25, ser\u00e1 em um evento privado. Portanto, o cantor ter\u00e1, al\u00e9m do cach\u00ea, metade da bilheteria.<\/div>\n<div style=\"background-color: white; border: 0px; color: #4b4b4b; font-size: 16px; line-height: 25.6px; margin-bottom: 1.5em; outline: 0px; padding: 0px; text-align: justify; vertical-align: baseline;\">\n2- O show de Wesley Safad\u00e3o no Parque do Povo, em Campina Grande, ser\u00e1 no dia 01 de julho. No Portal da Transpar\u00eancia da Prefeitura de Campina Grande, at\u00e9 agora, n\u00e3o consta sequer a contrata\u00e7\u00e3o do cantor Wesley Safad\u00e3o para o show. Portanto, n\u00e3o h\u00e1 informa\u00e7\u00e3o oficial sobre o cach\u00ea do cantor para que se possam fazer compara\u00e7\u00f5es.<\/div>\n<div style=\"background-color: white; border: 0px; color: #4b4b4b; font-size: 16px; line-height: 25.6px; margin-bottom: 1.5em; outline: 0px; padding: 0px; text-align: justify; vertical-align: baseline;\">\n3- Ainda, a Funda\u00e7\u00e3o de Cultura exigir\u00e1 explica\u00e7\u00f5es para qualquer diferen\u00e7a verificada.<\/div>\n<div style=\"background-color: white; border: 0px; color: #4b4b4b; font-size: 16px; line-height: 25.6px; margin-bottom: 1.5em; outline: 0px; padding: 0px; text-align: justify; vertical-align: baseline;\">\nO Blog lembra que a Funda\u00e7\u00e3o de Cultura e Turismo de Caruaru,n\u00e3o respondeu sobre os cach\u00eas de Avi\u00f5es do Forr\u00f3 e Elba Ramalho.&nbsp;<\/p>\n<\/div>\n","protected":false},"excerpt":{"rendered":"<p>Os valores de alguns cach\u00eas de artistas nacionais que se apresentam no S\u00e3o Jo\u00e3o de Caruaru 2016, que foram colocados&hellip;<\/p>\n","protected":false},"author":1,"featured_media":0,"comment_status":"open","ping_status":"open","sticky":false,"template":"","format":"standard","meta":{"footnotes":""},"categories":[1],"tags":[6132,6,6222],"class_list":["post-9247","post","type-post","status-publish","format-standard","hentry","category-sem-categoria","tag-campina-grande","tag-noticias","tag-sao-joao-de-caruaru"],"_links":{"self":[{"href":"https:\/\/blogdoedvaldomagalhaes.com.br\/index.php\/wp-json\/wp\/v2\/posts\/9247","targetHints":{"allow":["GET"]}}],"collection":[{"href":"https:\/\/blogdoedvaldomagalhaes.com.br\/index.php\/wp-json\/wp\/v2\/posts"}],"about":[{"href":"https:\/\/blogdoedvaldomagalhaes.com.br\/index.php\/wp-json\/wp\/v2\/types\/post"}],"author":[{"embeddable":true,"href":"https:\/\/blogdoedvaldomagalhaes.com.br\/index.php\/wp-json\/wp\/v2\/users\/1"}],"replies":[{"embeddable":true,"href":"https:\/\/blogdoedvaldomagalhaes.com.br\/index.php\/wp-json\/wp\/v2\/comments?post=9247"}],"version-history":[{"count":1,"href":"https:\/\/blogdoedvaldomagalhaes.com.br\/index.php\/wp-json\/wp\/v2\/posts\/9247\/revisions"}],"predecessor-version":[{"id":9574,"href":"https:\/\/blogdoedvaldomagalhaes.com.br\/index.php\/wp-json\/wp\/v2\/posts\/9247\/revisions\/9574"}],"wp:attachment":[{"href":"https:\/\/blogdoedvaldomagalhaes.com.br\/index.php\/wp-json\/wp\/v2\/media?parent=9247"}],"wp:term":[{"taxonomy":"category","embeddable":true,"href":"https:\/\/blogdoedvaldomagalhaes.com.br\/index.php\/wp-json\/wp\/v2\/categories?post=9247"},{"taxonomy":"post_tag","embeddable":true,"href":"https:\/\/blogdoedvaldomagalhaes.com.br\/index.php\/wp-json\/wp\/v2\/tags?post=9247"}],"curies":[{"name":"wp","href":"https:\/\/api.w.org\/{rel}","templated":true}]}}