{"id":92469,"date":"2023-01-30T20:26:35","date_gmt":"2023-01-30T23:26:35","guid":{"rendered":"https:\/\/blogdoedvaldomagalhaes.com.br\/?p=92469"},"modified":"2023-01-30T20:26:36","modified_gmt":"2023-01-30T23:26:36","slug":"curso-inedito-de-tenis-de-mesa-acontece-neste-fim-de-semana-em-caruaru","status":"publish","type":"post","link":"https:\/\/blogdoedvaldomagalhaes.com.br\/index.php\/2023\/01\/30\/curso-inedito-de-tenis-de-mesa-acontece-neste-fim-de-semana-em-caruaru\/","title":{"rendered":"Curso in\u00e9dito de t\u00eanis de mesa acontece neste fim de semana em Caruaru"},"content":{"rendered":"<p style=\"text-align: justify;\"><span style=\"color: initial; font-size: revert;\">O mesatenista Lucas Souza que atualmente \u00e9 o n\u00famero 2 do Nordeste no ranking geral divulgado pela Confedera\u00e7\u00e3o Brasileira de T\u00eanis de Mesa \u2013 CBTM estar\u00e1 em Caruaru nos dias 03, 04 e 05 de fevereiro ministrando uma cl\u00ednica (termo t\u00e9cnico equivalente a curso) para os mesatenistas da regi\u00e3o.<\/span><\/p>\n<p style=\"text-align: justify;\">A realiza\u00e7\u00e3o da cl\u00ednica tem o objetivo de proporcionar aos atletas e t\u00e9cnicos um momento de capacita\u00e7\u00e3o t\u00e9cnica e t\u00e1tica da modalidade com os temas: Saque, Recep\u00e7\u00e3o e Movimenta\u00e7\u00e3o. O interc\u00e2mbio de informa\u00e7\u00f5es ser\u00e1 importante para o desenvolvimento tanto dos mesatenistas como tamb\u00e9m para t\u00e9cnicos que trabalhem com a modalidade em clubes e col\u00e9gios de Caruaru e regi\u00e3o.<br \/>\nO curso ser\u00e1 direcionado tamb\u00e9m para os professores de educa\u00e7\u00e3o f\u00edsica da rede municipal de ensino, com o intuito de promover capacita\u00e7\u00e3o e desenvolvimento da modalidade no munic\u00edpio, principalmente nos jogos escolares municipais de Caruaru, j\u00e1 que o t\u00eanis de mesa \u00e9 uma das modalidades que mais possui inscritos nos jogos.<\/p>\n<p style=\"text-align: justify;\">O t\u00eanis de mesa caruaruense \u00e9 atualmente destaque no cen\u00e1rio nacional. No ano passado em comemora\u00e7\u00e3o aos 30 anos do Clube Ibra T\u00eanis de Mesa, a CBTM autorizou a realiza\u00e7\u00e3o de uma etapa do circuito nacional como forma de reconhecimento ao trabalho desenvolvido ao longo dos anos pela Ibra.<\/p>\n<p style=\"text-align: justify;\">O mesatenista Lucas Souza representa Caruaru em competi\u00e7\u00f5es oficiais desde 2022 conquistando 04 medalhas de ouro, 01 de prata e 02 de bronze no Circuito Nacional, al\u00e9m da conquista de 02 medalhas de ouro no Campeonato Pernambucano. Sendo assim, uma refer\u00eancia para o t\u00eanis de mesa no Nordeste. Na temporada 2023 estar\u00e1 novamente representando Caruaru na primeira etapa do Pernambucano no dia 19 de mar\u00e7o, que ao que tudo indica, acontecer\u00e1 em Caruaru.<\/p>\n<p style=\"text-align: justify;\">A Ibra T\u00eanis de Tesa estar\u00e1 organizando a cl\u00ednica e tamb\u00e9m outros eventos para divulgar e fortalecer a modalidade.<\/p>\n<p style=\"text-align: justify;\">\u201cO t\u00eanis de mesa caruaruense faz parte da identidade cultural esportiva do munic\u00edpio e o nosso objetivo massificar o t\u00eanis de mesa e proporcionar aos caruaruenses, novas pr\u00e1ticas esportivas, destacou o professor Severino Junior &#8211; presidente da Ibra T\u00eanis de Mesa.<\/p>\n<p style=\"text-align: justify;\">Calend\u00e1rio dos eventos que acontecem entre os dias 03 e 05 de fevereiro e que estar\u00e3o abertos ao p\u00fablico em geral:<\/p>\n<p style=\"text-align: justify;\">&#8211; Torneio &#8211; Caruaru Shopping (em frente \u00e0 Ri Happy) a partir das 11h at\u00e9 20h;<br \/>\n&#8211; Desafio do Saque &#8211; Supermercado Unicompras (em frente ao restaurante) de 12h \u00e0s 13h.<\/p>\n<p style=\"text-align: justify;\">Mais informa\u00e7\u00f5es pelo fone: (81) 9.93139096.<\/p>\n<p style=\"text-align: justify;\">Siga o Instagram do Blog @blogdoedvaldomagalhaes<\/p>\n","protected":false},"excerpt":{"rendered":"<p>O mesatenista Lucas Souza que atualmente \u00e9 o n\u00famero 2 do Nordeste no ranking geral divulgado pela Confedera\u00e7\u00e3o Brasileira de&hellip;<\/p>\n","protected":false},"author":1,"featured_media":92470,"comment_status":"closed","ping_status":"open","sticky":false,"template":"","format":"standard","meta":{"footnotes":""},"categories":[14120],"tags":[2,19532,3406,26671],"class_list":["post-92469","post","type-post","status-publish","format-standard","has-post-thumbnail","hentry","category-noticias","tag-blog-do-edvaldo-magalhaes","tag-blog-mais-acessado-e-visualizado-de-caruaru-e-regiao","tag-caruaru","tag-curso-inedito-de-tenis-de-mesa-acontece-neste-fim-de-semana-em-caruaru"],"_links":{"self":[{"href":"https:\/\/blogdoedvaldomagalhaes.com.br\/index.php\/wp-json\/wp\/v2\/posts\/92469","targetHints":{"allow":["GET"]}}],"collection":[{"href":"https:\/\/blogdoedvaldomagalhaes.com.br\/index.php\/wp-json\/wp\/v2\/posts"}],"about":[{"href":"https:\/\/blogdoedvaldomagalhaes.com.br\/index.php\/wp-json\/wp\/v2\/types\/post"}],"author":[{"embeddable":true,"href":"https:\/\/blogdoedvaldomagalhaes.com.br\/index.php\/wp-json\/wp\/v2\/users\/1"}],"replies":[{"embeddable":true,"href":"https:\/\/blogdoedvaldomagalhaes.com.br\/index.php\/wp-json\/wp\/v2\/comments?post=92469"}],"version-history":[{"count":1,"href":"https:\/\/blogdoedvaldomagalhaes.com.br\/index.php\/wp-json\/wp\/v2\/posts\/92469\/revisions"}],"predecessor-version":[{"id":92471,"href":"https:\/\/blogdoedvaldomagalhaes.com.br\/index.php\/wp-json\/wp\/v2\/posts\/92469\/revisions\/92471"}],"wp:featuredmedia":[{"embeddable":true,"href":"https:\/\/blogdoedvaldomagalhaes.com.br\/index.php\/wp-json\/wp\/v2\/media\/92470"}],"wp:attachment":[{"href":"https:\/\/blogdoedvaldomagalhaes.com.br\/index.php\/wp-json\/wp\/v2\/media?parent=92469"}],"wp:term":[{"taxonomy":"category","embeddable":true,"href":"https:\/\/blogdoedvaldomagalhaes.com.br\/index.php\/wp-json\/wp\/v2\/categories?post=92469"},{"taxonomy":"post_tag","embeddable":true,"href":"https:\/\/blogdoedvaldomagalhaes.com.br\/index.php\/wp-json\/wp\/v2\/tags?post=92469"}],"curies":[{"name":"wp","href":"https:\/\/api.w.org\/{rel}","templated":true}]}}