{"id":92464,"date":"2023-01-30T19:51:34","date_gmt":"2023-01-30T22:51:34","guid":{"rendered":"https:\/\/blogdoedvaldomagalhaes.com.br\/?p=92464"},"modified":"2023-01-30T19:51:35","modified_gmt":"2023-01-30T22:51:35","slug":"prefeito-de-caruaru-pede-modernizacao-dos-equipamentos-do-corpo-de-bombeiros-e-gestao-compartilhada-do-aeroporto","status":"publish","type":"post","link":"https:\/\/blogdoedvaldomagalhaes.com.br\/index.php\/2023\/01\/30\/prefeito-de-caruaru-pede-modernizacao-dos-equipamentos-do-corpo-de-bombeiros-e-gestao-compartilhada-do-aeroporto\/","title":{"rendered":"Prefeito de Caruaru pede moderniza\u00e7\u00e3o dos equipamentos do Corpo de Bombeiros e Gest\u00e3o compartilhada do Aeroporto"},"content":{"rendered":"<p style=\"text-align: justify;\"><span style=\"color: initial; font-size: revert;\">No segundo encontro em menos de 30 dias com a Governadora Raquel Lyra, o prefeito de Caruaru, Rodrigo Pinheiro, desta vez junto com os prefeitos do Agreste Pernambucano, estiveram na manh\u00e3 desta segunda-feira (30), no Pal\u00e1cio do Campo das Princesas, dialogando sobre as demandas de cada munic\u00edpio.<\/span><\/p>\n<p style=\"text-align: justify;\">&#8220;Importante abrir o di\u00e1logo e estreitar o relacionamento entre os prefeitos do Agreste e o Governo do Estado. Todos trouxeram demandas municipalistas importantes. Representando Caruaru, apresentamos pautas relevantes, tanto para a cidade, quanto para o Estado. Dentre as pautas, a moderniza\u00e7\u00e3o dos equipamentos e requalifica\u00e7\u00e3o do 2\u2070 Grupamento do Corpo de Bombeiros instalado em Caruaru, al\u00e9m da solicita\u00e7\u00e3o da Gest\u00e3o compartilhada do Aeroporto de Caruaru, pois queremos ajudar a administrar e desenvolver o nosso aeroporto tamb\u00e9m como terminal de cargas, favorecendo assim n\u00e3o somente Caruaru, mas todo o Agreste. Pleiteamos ainda a opera\u00e7\u00e3o exclusiva do 4\u2070 Batalh\u00e3o da Pol\u00edcia Militar para Caruaru&#8221;, ressaltou Rodrigo Pinheiro.<\/p>\n\n\n<figure class=\"wp-block-image size-full\"><img loading=\"lazy\" decoding=\"async\" width=\"1024\" height=\"682\" src=\"https:\/\/blogdoedvaldomagalhaes.com.br\/wp-content\/uploads\/2023\/01\/IMG-20230130-WA0073.jpg\" alt=\"\" class=\"wp-image-92466\" srcset=\"https:\/\/blogdoedvaldomagalhaes.com.br\/wp-content\/uploads\/2023\/01\/IMG-20230130-WA0073.jpg 1024w, https:\/\/blogdoedvaldomagalhaes.com.br\/wp-content\/uploads\/2023\/01\/IMG-20230130-WA0073-300x200.jpg 300w, https:\/\/blogdoedvaldomagalhaes.com.br\/wp-content\/uploads\/2023\/01\/IMG-20230130-WA0073-768x512.jpg 768w\" sizes=\"auto, (max-width: 1024px) 100vw, 1024px\" \/><\/figure>\n\n\n\n<figure class=\"wp-block-image size-full\"><img loading=\"lazy\" decoding=\"async\" width=\"1024\" height=\"682\" src=\"https:\/\/blogdoedvaldomagalhaes.com.br\/wp-content\/uploads\/2023\/01\/IMG-20230130-WA0074.jpg\" alt=\"\" class=\"wp-image-92467\" srcset=\"https:\/\/blogdoedvaldomagalhaes.com.br\/wp-content\/uploads\/2023\/01\/IMG-20230130-WA0074.jpg 1024w, https:\/\/blogdoedvaldomagalhaes.com.br\/wp-content\/uploads\/2023\/01\/IMG-20230130-WA0074-300x200.jpg 300w, https:\/\/blogdoedvaldomagalhaes.com.br\/wp-content\/uploads\/2023\/01\/IMG-20230130-WA0074-768x512.jpg 768w\" sizes=\"auto, (max-width: 1024px) 100vw, 1024px\" \/><figcaption class=\"wp-element-caption\">Fotos: Thiago Azevedo e Helia Scheppa<\/figcaption><\/figure>\n","protected":false},"excerpt":{"rendered":"<p>No segundo encontro em menos de 30 dias com a Governadora Raquel Lyra, o prefeito de Caruaru, Rodrigo Pinheiro, desta&hellip;<\/p>\n","protected":false},"author":1,"featured_media":92465,"comment_status":"closed","ping_status":"open","sticky":false,"template":"","format":"standard","meta":{"footnotes":""},"categories":[14122],"tags":[2,19532,3406,20,26670,1229,1766],"class_list":["post-92464","post","type-post","status-publish","format-standard","has-post-thumbnail","hentry","category-politica","tag-blog-do-edvaldo-magalhaes","tag-blog-mais-acessado-e-visualizado-de-caruaru-e-regiao","tag-caruaru","tag-politica","tag-prefeito-de-caruaru-pede-modernizacao-dos-equipamentos-do-corpo-de-bombeiros-e-gestao-compartilhada-do-aeroporto","tag-raquel-lyra","tag-rodrigo-pinheiro"],"_links":{"self":[{"href":"https:\/\/blogdoedvaldomagalhaes.com.br\/index.php\/wp-json\/wp\/v2\/posts\/92464","targetHints":{"allow":["GET"]}}],"collection":[{"href":"https:\/\/blogdoedvaldomagalhaes.com.br\/index.php\/wp-json\/wp\/v2\/posts"}],"about":[{"href":"https:\/\/blogdoedvaldomagalhaes.com.br\/index.php\/wp-json\/wp\/v2\/types\/post"}],"author":[{"embeddable":true,"href":"https:\/\/blogdoedvaldomagalhaes.com.br\/index.php\/wp-json\/wp\/v2\/users\/1"}],"replies":[{"embeddable":true,"href":"https:\/\/blogdoedvaldomagalhaes.com.br\/index.php\/wp-json\/wp\/v2\/comments?post=92464"}],"version-history":[{"count":1,"href":"https:\/\/blogdoedvaldomagalhaes.com.br\/index.php\/wp-json\/wp\/v2\/posts\/92464\/revisions"}],"predecessor-version":[{"id":92468,"href":"https:\/\/blogdoedvaldomagalhaes.com.br\/index.php\/wp-json\/wp\/v2\/posts\/92464\/revisions\/92468"}],"wp:featuredmedia":[{"embeddable":true,"href":"https:\/\/blogdoedvaldomagalhaes.com.br\/index.php\/wp-json\/wp\/v2\/media\/92465"}],"wp:attachment":[{"href":"https:\/\/blogdoedvaldomagalhaes.com.br\/index.php\/wp-json\/wp\/v2\/media?parent=92464"}],"wp:term":[{"taxonomy":"category","embeddable":true,"href":"https:\/\/blogdoedvaldomagalhaes.com.br\/index.php\/wp-json\/wp\/v2\/categories?post=92464"},{"taxonomy":"post_tag","embeddable":true,"href":"https:\/\/blogdoedvaldomagalhaes.com.br\/index.php\/wp-json\/wp\/v2\/tags?post=92464"}],"curies":[{"name":"wp","href":"https:\/\/api.w.org\/{rel}","templated":true}]}}