{"id":92453,"date":"2023-01-30T13:48:38","date_gmt":"2023-01-30T16:48:38","guid":{"rendered":"https:\/\/blogdoedvaldomagalhaes.com.br\/?p=92453"},"modified":"2023-01-30T13:48:39","modified_gmt":"2023-01-30T16:48:39","slug":"encontro-janeiro-branco-gratuito-para-mulheres-com-profissionais-da-saude-mental-em-caruaru","status":"publish","type":"post","link":"https:\/\/blogdoedvaldomagalhaes.com.br\/index.php\/2023\/01\/30\/encontro-janeiro-branco-gratuito-para-mulheres-com-profissionais-da-saude-mental-em-caruaru\/","title":{"rendered":"Encontro Janeiro Branco gratuito para mulheres, com profissionais da sa\u00fade mental em Caruaru"},"content":{"rendered":"<p style=\"text-align: justify;\"><span style=\"color: initial; font-size: revert;\">A Secretaria de Pol\u00edticas para Mulheres (SPM), realiza nesta ter\u00e7a-feira (31), a partir das 14h, o Encontro Janeiro Branco: Sa\u00fade Mental Para Todas. Trata-se de uma a\u00e7\u00e3o voltada ao Movimento Janeiro Branco, que visa a constru\u00e7\u00e3o de uma cultura da Sa\u00fade Mental.<\/span><\/p>\n<p style=\"text-align: justify;\">O evento \u00e9 gratuito, aberto ao p\u00fablico e ser\u00e1 realizado no Audit\u00f3rio Antonieta de Barros, localizado na SPM, rua dos Expedicion\u00e1rios, 30, Centro.<\/p>\n<p style=\"text-align: justify;\">A a\u00e7\u00e3o ser\u00e1 direcionada a todas as mulheres em suas diversas representa\u00e7\u00f5es, no intuito de vislumbrar a interseccionalidade assistida pela SPM e contar\u00e1 com uma roda de di\u00e1logo facilitada pela psiquiatra J\u00falia Melo e pela psic\u00f3loga, especialista em neuropsicologia, Ketyellen Barbosa.<\/p>\n<p style=\"text-align: justify;\">A proposta do encontro \u00e9 promover um olhar de cuidados \u00e0s mulheres caruaruenses, de modo que recebam informa\u00e7\u00f5es ben\u00e9ficas e construtivas sobre a Campanha Janeiro Branco, que visa a aten\u00e7\u00e3o \u00e0 Sa\u00fade Mental.<\/p>\n<p style=\"text-align: justify;\">Siga o Instagram do Blog @blogdoedvaldomagalhaes<\/p>\n","protected":false},"excerpt":{"rendered":"<p>A Secretaria de Pol\u00edticas para Mulheres (SPM), realiza nesta ter\u00e7a-feira (31), a partir das 14h, o Encontro Janeiro Branco: Sa\u00fade&hellip;<\/p>\n","protected":false},"author":1,"featured_media":92454,"comment_status":"closed","ping_status":"open","sticky":false,"template":"","format":"standard","meta":{"footnotes":""},"categories":[14120],"tags":[2,19532,3406,26668],"class_list":["post-92453","post","type-post","status-publish","format-standard","has-post-thumbnail","hentry","category-noticias","tag-blog-do-edvaldo-magalhaes","tag-blog-mais-acessado-e-visualizado-de-caruaru-e-regiao","tag-caruaru","tag-encontro-janeiro-branco-gratuito-para-mulheres-com-profissionais-da-saude-mental-em-caruaru"],"_links":{"self":[{"href":"https:\/\/blogdoedvaldomagalhaes.com.br\/index.php\/wp-json\/wp\/v2\/posts\/92453","targetHints":{"allow":["GET"]}}],"collection":[{"href":"https:\/\/blogdoedvaldomagalhaes.com.br\/index.php\/wp-json\/wp\/v2\/posts"}],"about":[{"href":"https:\/\/blogdoedvaldomagalhaes.com.br\/index.php\/wp-json\/wp\/v2\/types\/post"}],"author":[{"embeddable":true,"href":"https:\/\/blogdoedvaldomagalhaes.com.br\/index.php\/wp-json\/wp\/v2\/users\/1"}],"replies":[{"embeddable":true,"href":"https:\/\/blogdoedvaldomagalhaes.com.br\/index.php\/wp-json\/wp\/v2\/comments?post=92453"}],"version-history":[{"count":1,"href":"https:\/\/blogdoedvaldomagalhaes.com.br\/index.php\/wp-json\/wp\/v2\/posts\/92453\/revisions"}],"predecessor-version":[{"id":92455,"href":"https:\/\/blogdoedvaldomagalhaes.com.br\/index.php\/wp-json\/wp\/v2\/posts\/92453\/revisions\/92455"}],"wp:featuredmedia":[{"embeddable":true,"href":"https:\/\/blogdoedvaldomagalhaes.com.br\/index.php\/wp-json\/wp\/v2\/media\/92454"}],"wp:attachment":[{"href":"https:\/\/blogdoedvaldomagalhaes.com.br\/index.php\/wp-json\/wp\/v2\/media?parent=92453"}],"wp:term":[{"taxonomy":"category","embeddable":true,"href":"https:\/\/blogdoedvaldomagalhaes.com.br\/index.php\/wp-json\/wp\/v2\/categories?post=92453"},{"taxonomy":"post_tag","embeddable":true,"href":"https:\/\/blogdoedvaldomagalhaes.com.br\/index.php\/wp-json\/wp\/v2\/tags?post=92453"}],"curies":[{"name":"wp","href":"https:\/\/api.w.org\/{rel}","templated":true}]}}