{"id":92450,"date":"2023-01-30T10:06:56","date_gmt":"2023-01-30T13:06:56","guid":{"rendered":"https:\/\/blogdoedvaldomagalhaes.com.br\/?p=92450"},"modified":"2023-01-30T10:06:57","modified_gmt":"2023-01-30T13:06:57","slug":"prefeitura-de-caruaru-envia-pacote-de-leis-para-camara-um-deles-obriga-manutencao-de-bombeiro-civil-nas-escolas-e-nos-predios-publicos","status":"publish","type":"post","link":"https:\/\/blogdoedvaldomagalhaes.com.br\/index.php\/2023\/01\/30\/prefeitura-de-caruaru-envia-pacote-de-leis-para-camara-um-deles-obriga-manutencao-de-bombeiro-civil-nas-escolas-e-nos-predios-publicos\/","title":{"rendered":"Prefeitura de Caruaru envia &#8216;Pacote de Leis&#8217; para C\u00e2mara, um deles obriga manuten\u00e7\u00e3o de bombeiro civil nas escolas e nos pr\u00e9dios p\u00fablicos"},"content":{"rendered":"<p style=\"text-align: justify;\"><span style=\"color: initial; font-size: revert;\">Na manh\u00e3 desta segunda-feira (30), a Prefeitura de Caruaru enviou para C\u00e2mara Municipal um \u201cPacote de Leis\u201d para aprecia\u00e7\u00e3o do Poder Legislativo. Dentre as principais, a Lei que institui a obrigatoriedade de manuten\u00e7\u00e3o de uma brigada profissional, composta por bombeiros civis, nos pr\u00e9dios p\u00fablicos da administra\u00e7\u00e3o direta e indireta, e nas unidades escolares de ensino p\u00fablico e privado de Caruaru.<\/span><\/p>\n<p style=\"text-align: justify;\">Mais quatro leis importantes fazem parte do Pacote enviado pelo prefeito Rodrigo Pinheiro, como por exemplo, a que disp\u00f5e sobre a cria\u00e7\u00e3o do \u201cCenso da Pessoa com Defici\u00eancia\u201d para a identifica\u00e7\u00e3o, mapeamento e cadastramento das pessoas com defici\u00eancia, no \u00e2mbito do munic\u00edpio de Caruaru.<\/p>\n<p style=\"text-align: justify;\">A outra institui o \u201cPrograma de Jornada Extra de Tr\u00e2nsito \u2013 PJET\u201d, no \u00e2mbito da Autarquia de Mobilidade, Tr\u00e2nsito e Transporte de Caruaru \u2013 AMTTC, al\u00e9m da Lei que Institui o Programa de Jornada Extra de Preven\u00e7\u00e3o \u00e0 Viol\u00eancia \u2013 PJEPV, no \u00e2mbito da Secretaria de Ordem P\u00fablica \u2013 SECOP.<\/p>\n<p style=\"text-align: justify;\">Fechando o Pacote, a Lei que \u201caltera o Anexo \u00danico da Lei Municipal N\u00b0 6.327, de 26 de junho de 2019\u201d vai proporcionar o aumento no valor da gratifica\u00e7\u00e3o para grandes eventos. Foto: SECOM\/Prefeitura de Caruaru.<\/p>\n<p style=\"text-align: justify;\">Siga o Instagram do Blog @blogdoedvaldomagalhaes<\/p>\n","protected":false},"excerpt":{"rendered":"<p>Na manh\u00e3 desta segunda-feira (30), a Prefeitura de Caruaru enviou para C\u00e2mara Municipal um \u201cPacote de Leis\u201d para aprecia\u00e7\u00e3o do&hellip;<\/p>\n","protected":false},"author":1,"featured_media":92451,"comment_status":"closed","ping_status":"open","sticky":false,"template":"","format":"standard","meta":{"footnotes":""},"categories":[14122],"tags":[2,19532,3406,20,26667],"class_list":["post-92450","post","type-post","status-publish","format-standard","has-post-thumbnail","hentry","category-politica","tag-blog-do-edvaldo-magalhaes","tag-blog-mais-acessado-e-visualizado-de-caruaru-e-regiao","tag-caruaru","tag-politica","tag-prefeitura-de-caruaru-envia-pacote-de-leis-para-camara-um-deles-obriga-manutencao-de-bombeiro-civil-nas-escolas-e-nos-predios-publicos"],"_links":{"self":[{"href":"https:\/\/blogdoedvaldomagalhaes.com.br\/index.php\/wp-json\/wp\/v2\/posts\/92450","targetHints":{"allow":["GET"]}}],"collection":[{"href":"https:\/\/blogdoedvaldomagalhaes.com.br\/index.php\/wp-json\/wp\/v2\/posts"}],"about":[{"href":"https:\/\/blogdoedvaldomagalhaes.com.br\/index.php\/wp-json\/wp\/v2\/types\/post"}],"author":[{"embeddable":true,"href":"https:\/\/blogdoedvaldomagalhaes.com.br\/index.php\/wp-json\/wp\/v2\/users\/1"}],"replies":[{"embeddable":true,"href":"https:\/\/blogdoedvaldomagalhaes.com.br\/index.php\/wp-json\/wp\/v2\/comments?post=92450"}],"version-history":[{"count":1,"href":"https:\/\/blogdoedvaldomagalhaes.com.br\/index.php\/wp-json\/wp\/v2\/posts\/92450\/revisions"}],"predecessor-version":[{"id":92452,"href":"https:\/\/blogdoedvaldomagalhaes.com.br\/index.php\/wp-json\/wp\/v2\/posts\/92450\/revisions\/92452"}],"wp:featuredmedia":[{"embeddable":true,"href":"https:\/\/blogdoedvaldomagalhaes.com.br\/index.php\/wp-json\/wp\/v2\/media\/92451"}],"wp:attachment":[{"href":"https:\/\/blogdoedvaldomagalhaes.com.br\/index.php\/wp-json\/wp\/v2\/media?parent=92450"}],"wp:term":[{"taxonomy":"category","embeddable":true,"href":"https:\/\/blogdoedvaldomagalhaes.com.br\/index.php\/wp-json\/wp\/v2\/categories?post=92450"},{"taxonomy":"post_tag","embeddable":true,"href":"https:\/\/blogdoedvaldomagalhaes.com.br\/index.php\/wp-json\/wp\/v2\/tags?post=92450"}],"curies":[{"name":"wp","href":"https:\/\/api.w.org\/{rel}","templated":true}]}}