{"id":92447,"date":"2023-01-30T09:16:28","date_gmt":"2023-01-30T12:16:28","guid":{"rendered":"https:\/\/blogdoedvaldomagalhaes.com.br\/?p=92447"},"modified":"2023-01-30T09:16:29","modified_gmt":"2023-01-30T12:16:29","slug":"dupla-e-presa-logo-apos-roubo-de-motocicleta-em-caruaru","status":"publish","type":"post","link":"https:\/\/blogdoedvaldomagalhaes.com.br\/index.php\/2023\/01\/30\/dupla-e-presa-logo-apos-roubo-de-motocicleta-em-caruaru\/","title":{"rendered":"Dupla \u00e9 presa logo ap\u00f3s roubo de motocicleta em Caruaru"},"content":{"rendered":"<p style=\"text-align: justify;\"><span style=\"color: initial; font-size: revert;\">Dois homens foram presos, domingo (29\/01), logo ap\u00f3s roubarem a motocicleta de um casal, na Vila Kennedy, em Caruaru. Policiais militares do 1\u00ba BIEsp realizavam rondas na \u00e1rea quando foram acionados por um casal, que denunciou ter sido v\u00edtima do assalto e que os suspeitos estariam em um bar pr\u00f3ximo.<\/span><\/p>\n<p style=\"text-align: justify;\">Foi feito o deslocamento at\u00e9 o ponto indicado e os clientes do estabelecimento foram abordados, tendo o casal reconhecido os envolvidos, que ainda estavam com a moto, uma Honda Bros 150 vermelha. Eles foram encaminhados, juntamente com o ve\u00edculo e as v\u00edtimas, para a Delegacia de Plant\u00e3o, onde acabaram autuados em flagrante por roubo. Foto: Divulga\u00e7\u00e3o\/PMPE.<\/p>\n<p style=\"text-align: justify;\">Siga o Instagram do Blog @blogdoedvaldomagalhaes<\/p>\n","protected":false},"excerpt":{"rendered":"<p>Dois homens foram presos, domingo (29\/01), logo ap\u00f3s roubarem a motocicleta de um casal, na Vila Kennedy, em Caruaru. Policiais&hellip;<\/p>\n","protected":false},"author":1,"featured_media":92448,"comment_status":"closed","ping_status":"open","sticky":false,"template":"","format":"standard","meta":{"footnotes":""},"categories":[14121],"tags":[2,19532,3406,26666],"class_list":["post-92447","post","type-post","status-publish","format-standard","has-post-thumbnail","hentry","category-policial","tag-blog-do-edvaldo-magalhaes","tag-blog-mais-acessado-e-visualizado-de-caruaru-e-regiao","tag-caruaru","tag-dupla-e-presa-logo-apos-roubo-de-motocicleta-em-caruaru"],"_links":{"self":[{"href":"https:\/\/blogdoedvaldomagalhaes.com.br\/index.php\/wp-json\/wp\/v2\/posts\/92447","targetHints":{"allow":["GET"]}}],"collection":[{"href":"https:\/\/blogdoedvaldomagalhaes.com.br\/index.php\/wp-json\/wp\/v2\/posts"}],"about":[{"href":"https:\/\/blogdoedvaldomagalhaes.com.br\/index.php\/wp-json\/wp\/v2\/types\/post"}],"author":[{"embeddable":true,"href":"https:\/\/blogdoedvaldomagalhaes.com.br\/index.php\/wp-json\/wp\/v2\/users\/1"}],"replies":[{"embeddable":true,"href":"https:\/\/blogdoedvaldomagalhaes.com.br\/index.php\/wp-json\/wp\/v2\/comments?post=92447"}],"version-history":[{"count":1,"href":"https:\/\/blogdoedvaldomagalhaes.com.br\/index.php\/wp-json\/wp\/v2\/posts\/92447\/revisions"}],"predecessor-version":[{"id":92449,"href":"https:\/\/blogdoedvaldomagalhaes.com.br\/index.php\/wp-json\/wp\/v2\/posts\/92447\/revisions\/92449"}],"wp:featuredmedia":[{"embeddable":true,"href":"https:\/\/blogdoedvaldomagalhaes.com.br\/index.php\/wp-json\/wp\/v2\/media\/92448"}],"wp:attachment":[{"href":"https:\/\/blogdoedvaldomagalhaes.com.br\/index.php\/wp-json\/wp\/v2\/media?parent=92447"}],"wp:term":[{"taxonomy":"category","embeddable":true,"href":"https:\/\/blogdoedvaldomagalhaes.com.br\/index.php\/wp-json\/wp\/v2\/categories?post=92447"},{"taxonomy":"post_tag","embeddable":true,"href":"https:\/\/blogdoedvaldomagalhaes.com.br\/index.php\/wp-json\/wp\/v2\/tags?post=92447"}],"curies":[{"name":"wp","href":"https:\/\/api.w.org\/{rel}","templated":true}]}}