{"id":92440,"date":"2023-01-30T08:50:43","date_gmt":"2023-01-30T11:50:43","guid":{"rendered":"https:\/\/blogdoedvaldomagalhaes.com.br\/?p=92440"},"modified":"2023-01-30T09:06:05","modified_gmt":"2023-01-30T12:06:05","slug":"sao-joao-de-caruaru-tera-novo-formato-em-2023-e-comidas-gigantes-serao-lancadas-no-dia-04-de-maio","status":"publish","type":"post","link":"https:\/\/blogdoedvaldomagalhaes.com.br\/index.php\/2023\/01\/30\/sao-joao-de-caruaru-tera-novo-formato-em-2023-e-comidas-gigantes-serao-lancadas-no-dia-04-de-maio\/","title":{"rendered":"S\u00e3o Jo\u00e3o de Caruaru ter\u00e1 novo formato em 2023 e comidas gigantes ser\u00e3o lan\u00e7adas no dia 04 de maio"},"content":{"rendered":"<p style=\"text-align: justify;\">A Funda\u00e7\u00e3o de Cultura de Caruaru reuniu os representantes das festas de comidas gigantes sexta-feira (27), para definir o calend\u00e1rio dos eventos \u00a0durante o per\u00edodo junino deste ano, que ser\u00e1 mais extenso e ter\u00e1 dois meses de dura\u00e7\u00e3o. Ficou definido que haver\u00e1 o lan\u00e7amento das festas na rua 3 de maio no dia 04 de maio.<\/p>\n<p style=\"text-align: justify;\">O S\u00e3o Jo\u00e3o 2023 ter\u00e1 novo formato, com novo layout, nova estrutura. As festas de comidas gigantes ser\u00e3o realizadas nos meses de maio e junho, antes os eventos se estendiam at\u00e9 o m\u00eas de julho. No m\u00eas de maio ser\u00e3o realizados o S\u00e3o Jo\u00e3o na Ro\u00e7a na zona rural nas sextas-feiras e s\u00e1bados, e nos domingos as festas de comidas gigantes, se estendendo at\u00e9 o dia 30 de junho.<\/p>\n<p style=\"text-align: justify;\">Em 2022 foram realizadas 54 festas de comidas gigantes em Caruaru. Os eventos fazem parte da Associa\u00e7\u00e3o dos Idealizadores das Comidas Gigantes, Uni\u00e3o dos Criadores das Comidas Gigantes, Movimento das Comidas Gigantes, Liga das Comidas Gigantes e comidas gigantes independentes.<\/p>\n<p style=\"text-align: justify;\">Siga o Instagram do Blog @blogdoedvaldomagalhaes<\/p>\n","protected":false},"excerpt":{"rendered":"<p>A Funda\u00e7\u00e3o de Cultura de Caruaru reuniu os representantes das festas de comidas gigantes sexta-feira (27), para definir o calend\u00e1rio&hellip;<\/p>\n","protected":false},"author":1,"featured_media":92441,"comment_status":"closed","ping_status":"open","sticky":false,"template":"","format":"standard","meta":{"footnotes":""},"categories":[14120],"tags":[2,19532,3406,26665],"class_list":["post-92440","post","type-post","status-publish","format-standard","has-post-thumbnail","hentry","category-noticias","tag-blog-do-edvaldo-magalhaes","tag-blog-mais-acessado-e-visualizado-de-caruaru-e-regiao","tag-caruaru","tag-sao-joao-de-caruaru-tera-novo-formato-em-2023-e-comidas-gigantes-serao-lancadas-no-dia-04-de-maio"],"_links":{"self":[{"href":"https:\/\/blogdoedvaldomagalhaes.com.br\/index.php\/wp-json\/wp\/v2\/posts\/92440","targetHints":{"allow":["GET"]}}],"collection":[{"href":"https:\/\/blogdoedvaldomagalhaes.com.br\/index.php\/wp-json\/wp\/v2\/posts"}],"about":[{"href":"https:\/\/blogdoedvaldomagalhaes.com.br\/index.php\/wp-json\/wp\/v2\/types\/post"}],"author":[{"embeddable":true,"href":"https:\/\/blogdoedvaldomagalhaes.com.br\/index.php\/wp-json\/wp\/v2\/users\/1"}],"replies":[{"embeddable":true,"href":"https:\/\/blogdoedvaldomagalhaes.com.br\/index.php\/wp-json\/wp\/v2\/comments?post=92440"}],"version-history":[{"count":3,"href":"https:\/\/blogdoedvaldomagalhaes.com.br\/index.php\/wp-json\/wp\/v2\/posts\/92440\/revisions"}],"predecessor-version":[{"id":92446,"href":"https:\/\/blogdoedvaldomagalhaes.com.br\/index.php\/wp-json\/wp\/v2\/posts\/92440\/revisions\/92446"}],"wp:featuredmedia":[{"embeddable":true,"href":"https:\/\/blogdoedvaldomagalhaes.com.br\/index.php\/wp-json\/wp\/v2\/media\/92441"}],"wp:attachment":[{"href":"https:\/\/blogdoedvaldomagalhaes.com.br\/index.php\/wp-json\/wp\/v2\/media?parent=92440"}],"wp:term":[{"taxonomy":"category","embeddable":true,"href":"https:\/\/blogdoedvaldomagalhaes.com.br\/index.php\/wp-json\/wp\/v2\/categories?post=92440"},{"taxonomy":"post_tag","embeddable":true,"href":"https:\/\/blogdoedvaldomagalhaes.com.br\/index.php\/wp-json\/wp\/v2\/tags?post=92440"}],"curies":[{"name":"wp","href":"https:\/\/api.w.org\/{rel}","templated":true}]}}