{"id":92259,"date":"2023-01-25T12:23:51","date_gmt":"2023-01-25T15:23:51","guid":{"rendered":"https:\/\/blogdoedvaldomagalhaes.com.br\/?p=92259"},"modified":"2023-01-25T12:23:52","modified_gmt":"2023-01-25T15:23:52","slug":"centro-social-comunitario-sera-inaugurado-no-bairro-agamenon-neste-sabado-28","status":"publish","type":"post","link":"https:\/\/blogdoedvaldomagalhaes.com.br\/index.php\/2023\/01\/25\/centro-social-comunitario-sera-inaugurado-no-bairro-agamenon-neste-sabado-28\/","title":{"rendered":"Centro Social Comunit\u00e1rio ser\u00e1 inaugurado no bairro Agamenon neste s\u00e1bado (28)"},"content":{"rendered":"<p style=\"text-align: justify;\"><span style=\"font-size: revert; color: initial;\">Ser\u00e1 inaugurado neste s\u00e1bado (28), \u00e0s 4h da tarde, no bairro Bairro Agamenon Magalh\u00e3es, em Caruaru, o Centro Social Comunit\u00e1rio J\u00fanior Letal, que oferecer\u00e1 em parceria com os moradores, profissionais de sa\u00fade, esportivo e entidades v\u00e1rias atividades gratuitas para a popula\u00e7\u00e3o daquela comunidade.<\/span><\/p>\n<p style=\"text-align: justify;\">O evento contar\u00e1 com um show do Trio Forr\u00f3 Quent\u00e3o. O Centro Social Comunit\u00e1rio J\u00fanior Letal, \u00e9 coordenado por Dayse Omena e Anderson J\u00fanior (J\u00fanior Letal) ex-jogador de futebol, e conta com o apoio de moradores, pequenos comerciantes e amigos do bairro Agamenon. Sop\u00e3o popular, Bazar Solid\u00e1rio, aulas de zumba, e atendimentos m\u00e9dico e jur\u00eddico gratuitos, s\u00e3o algumas das a\u00e7\u00f5es que ser\u00e3o oferecidas. Foto: Divulga\u00e7\u00e3o.<\/p>\n<p style=\"text-align: justify;\">Siga o Instagram do Blog @blogdoedvaldomagalhaes<\/p>\n","protected":false},"excerpt":{"rendered":"<p>Ser\u00e1 inaugurado neste s\u00e1bado (28), \u00e0s 4h da tarde, no bairro Bairro Agamenon Magalh\u00e3es, em Caruaru, o Centro Social Comunit\u00e1rio&hellip;<\/p>\n","protected":false},"author":1,"featured_media":92260,"comment_status":"closed","ping_status":"open","sticky":false,"template":"","format":"standard","meta":{"footnotes":""},"categories":[14120],"tags":[2,19532,3406,26630],"class_list":["post-92259","post","type-post","status-publish","format-standard","has-post-thumbnail","hentry","category-noticias","tag-blog-do-edvaldo-magalhaes","tag-blog-mais-acessado-e-visualizado-de-caruaru-e-regiao","tag-caruaru","tag-centro-social-comunitario-sera-inaugurado-no-bairro-agamenon-neste-sabado-28"],"_links":{"self":[{"href":"https:\/\/blogdoedvaldomagalhaes.com.br\/index.php\/wp-json\/wp\/v2\/posts\/92259","targetHints":{"allow":["GET"]}}],"collection":[{"href":"https:\/\/blogdoedvaldomagalhaes.com.br\/index.php\/wp-json\/wp\/v2\/posts"}],"about":[{"href":"https:\/\/blogdoedvaldomagalhaes.com.br\/index.php\/wp-json\/wp\/v2\/types\/post"}],"author":[{"embeddable":true,"href":"https:\/\/blogdoedvaldomagalhaes.com.br\/index.php\/wp-json\/wp\/v2\/users\/1"}],"replies":[{"embeddable":true,"href":"https:\/\/blogdoedvaldomagalhaes.com.br\/index.php\/wp-json\/wp\/v2\/comments?post=92259"}],"version-history":[{"count":1,"href":"https:\/\/blogdoedvaldomagalhaes.com.br\/index.php\/wp-json\/wp\/v2\/posts\/92259\/revisions"}],"predecessor-version":[{"id":92261,"href":"https:\/\/blogdoedvaldomagalhaes.com.br\/index.php\/wp-json\/wp\/v2\/posts\/92259\/revisions\/92261"}],"wp:featuredmedia":[{"embeddable":true,"href":"https:\/\/blogdoedvaldomagalhaes.com.br\/index.php\/wp-json\/wp\/v2\/media\/92260"}],"wp:attachment":[{"href":"https:\/\/blogdoedvaldomagalhaes.com.br\/index.php\/wp-json\/wp\/v2\/media?parent=92259"}],"wp:term":[{"taxonomy":"category","embeddable":true,"href":"https:\/\/blogdoedvaldomagalhaes.com.br\/index.php\/wp-json\/wp\/v2\/categories?post=92259"},{"taxonomy":"post_tag","embeddable":true,"href":"https:\/\/blogdoedvaldomagalhaes.com.br\/index.php\/wp-json\/wp\/v2\/tags?post=92259"}],"curies":[{"name":"wp","href":"https:\/\/api.w.org\/{rel}","templated":true}]}}