{"id":92239,"date":"2023-01-24T20:10:14","date_gmt":"2023-01-24T23:10:14","guid":{"rendered":"https:\/\/blogdoedvaldomagalhaes.com.br\/?p=92239"},"modified":"2023-01-24T20:10:15","modified_gmt":"2023-01-24T23:10:15","slug":"feira-de-adocao-de-animais-em-caruaru-nesta-quarta-25-e-quinta-26","status":"publish","type":"post","link":"https:\/\/blogdoedvaldomagalhaes.com.br\/index.php\/2023\/01\/24\/feira-de-adocao-de-animais-em-caruaru-nesta-quarta-25-e-quinta-26\/","title":{"rendered":"Feira de Ado\u00e7\u00e3o de Animais em Caruaru nesta quarta (25) e quinta (26)"},"content":{"rendered":"<p style=\"text-align: justify;\"><span style=\"color: initial; font-size: revert;\">A AME Animal, promove quarta-feira (25) e quinta-feira (26), a primeira Feirinha de Ado\u00e7\u00e3o de Animais de 2023.<\/span><\/p>\n<p style=\"text-align: justify;\">A feira, que acontecer\u00e1 no Marco Zero da cidade, das 9h \u00e0s 14h, faz parte do conjunto de a\u00e7\u00f5es do Projeto Meu Amig\u00e3o e tem como objetivo encontrar um novo lar para c\u00e3es e gatos que foram abandonados e acolhidos na sede da AME.<\/p>\n<p style=\"text-align: justify;\">Os candidatos a ado\u00e7\u00e3o precisam apresentar RG, CPF, comprovante de resid\u00eancia e ter, no m\u00ednimo, 18 anos de idade.<\/p>\n<p style=\"text-align: justify;\">\u201cA feira \u00e9 uma oportunidade para quem sempre quis ter seu amigo fiel, l\u00e1 voc\u00ea pode escolher o pet que lhe conquistar pelo olhar de carinho, cuidado e aten\u00e7\u00e3o. S\u00e3o animais saud\u00e1veis, cuidados pela nossa AME Animal e voc\u00ea ainda recebe toda orienta\u00e7\u00e3o, tira todas as suas d\u00favidas com o m\u00e9dico veterin\u00e1rio durante o ato de ado\u00e7\u00e3o\u201d, destacou o Manoel \u00c1vila, secret\u00e1rio de Servi\u00e7os P\u00fablicos e Sustentabilidade. Foto: Divulga\u00e7\u00e3o.<\/p>\n<p style=\"text-align: justify;\">Siga o Instagram do Blog @blogdoedvaldomagalhaes<\/p>\n","protected":false},"excerpt":{"rendered":"<p>A AME Animal, promove quarta-feira (25) e quinta-feira (26), a primeira Feirinha de Ado\u00e7\u00e3o de Animais de 2023. A feira,&hellip;<\/p>\n","protected":false},"author":1,"featured_media":92240,"comment_status":"closed","ping_status":"open","sticky":false,"template":"","format":"standard","meta":{"footnotes":""},"categories":[14120],"tags":[2,19532,3406,26624],"class_list":["post-92239","post","type-post","status-publish","format-standard","has-post-thumbnail","hentry","category-noticias","tag-blog-do-edvaldo-magalhaes","tag-blog-mais-acessado-e-visualizado-de-caruaru-e-regiao","tag-caruaru","tag-feira-de-adocao-de-animais-em-caruaru-nesta-quarta-25-e-quinta-26"],"_links":{"self":[{"href":"https:\/\/blogdoedvaldomagalhaes.com.br\/index.php\/wp-json\/wp\/v2\/posts\/92239","targetHints":{"allow":["GET"]}}],"collection":[{"href":"https:\/\/blogdoedvaldomagalhaes.com.br\/index.php\/wp-json\/wp\/v2\/posts"}],"about":[{"href":"https:\/\/blogdoedvaldomagalhaes.com.br\/index.php\/wp-json\/wp\/v2\/types\/post"}],"author":[{"embeddable":true,"href":"https:\/\/blogdoedvaldomagalhaes.com.br\/index.php\/wp-json\/wp\/v2\/users\/1"}],"replies":[{"embeddable":true,"href":"https:\/\/blogdoedvaldomagalhaes.com.br\/index.php\/wp-json\/wp\/v2\/comments?post=92239"}],"version-history":[{"count":1,"href":"https:\/\/blogdoedvaldomagalhaes.com.br\/index.php\/wp-json\/wp\/v2\/posts\/92239\/revisions"}],"predecessor-version":[{"id":92241,"href":"https:\/\/blogdoedvaldomagalhaes.com.br\/index.php\/wp-json\/wp\/v2\/posts\/92239\/revisions\/92241"}],"wp:featuredmedia":[{"embeddable":true,"href":"https:\/\/blogdoedvaldomagalhaes.com.br\/index.php\/wp-json\/wp\/v2\/media\/92240"}],"wp:attachment":[{"href":"https:\/\/blogdoedvaldomagalhaes.com.br\/index.php\/wp-json\/wp\/v2\/media?parent=92239"}],"wp:term":[{"taxonomy":"category","embeddable":true,"href":"https:\/\/blogdoedvaldomagalhaes.com.br\/index.php\/wp-json\/wp\/v2\/categories?post=92239"},{"taxonomy":"post_tag","embeddable":true,"href":"https:\/\/blogdoedvaldomagalhaes.com.br\/index.php\/wp-json\/wp\/v2\/tags?post=92239"}],"curies":[{"name":"wp","href":"https:\/\/api.w.org\/{rel}","templated":true}]}}