{"id":92202,"date":"2023-01-24T08:51:57","date_gmt":"2023-01-24T11:51:57","guid":{"rendered":"https:\/\/blogdoedvaldomagalhaes.com.br\/?p=92202"},"modified":"2023-01-24T08:51:58","modified_gmt":"2023-01-24T11:51:58","slug":"policia-federal-pe-cumpre-mandados-de-busca-e-apreensao-para-combater-desvios-de-recursos-em-upas-e-hospitais","status":"publish","type":"post","link":"https:\/\/blogdoedvaldomagalhaes.com.br\/index.php\/2023\/01\/24\/policia-federal-pe-cumpre-mandados-de-busca-e-apreensao-para-combater-desvios-de-recursos-em-upas-e-hospitais\/","title":{"rendered":"Pol\u00edcia Federal-PE cumpre mandados de busca e apreens\u00e3o para combater desvios de recursos em UPAs e hospitais"},"content":{"rendered":"<p style=\"text-align: justify;\"><span style=\"font-size: revert;\">A Pol\u00edcia Federal deflagra, na data de hoje, 24\/01, a opera\u00e7\u00e3o \u201cCl\u00e3\u201d, que visa combater crimes de desvio de recursos da sa\u00fade por Organiza\u00e7\u00e3o Social de sa\u00fade em Pernambuco. Est\u00e3o sendo cumpridos 17 mandados de busca e apreens\u00e3o na tentativa de encontrar documentos, relat\u00f3rios, notas fiscais e outros elementos probat\u00f3rios que ajudem a pol\u00edcia a comprovar os crimes em quest\u00e3o. Duas pessoas envolvidas ser\u00e3o afastadas de suas fun\u00e7\u00f5es. A opera\u00e7\u00e3o tamb\u00e9m contou com o apoio da Controladoria Geral da Uni\u00e3o (CGU) e do Minist\u00e9rio P\u00fablico Federal (MPF).<\/span><\/p>\n<p style=\"text-align: justify;\">A investiga\u00e7\u00e3o teve origem em informa\u00e7\u00e3o recebida pela Pol\u00edcia Federal acerca de poss\u00edveis irregularidades na execu\u00e7\u00e3o de contratos de gest\u00e3o celebrados entre a Secretaria de Sa\u00fade do Governo do Estado de Pernambuco e a organiza\u00e7\u00e3o social investigada. Os supostos crimes estariam ligados com a *contrata\u00e7\u00e3o direcionada de prestadores, execu\u00e7\u00e3o fict\u00edcia de servi\u00e7os, no superfaturamento dos valores pagos e na oculta\u00e7\u00e3o dos valores desviados.* Essas ocorr\u00eancias contaram com o engajamento tanto de gestores da funda\u00e7\u00e3o como dos empres\u00e1rios de empresas terceirizadas, os quais possuem v\u00ednculos familiares\/sociais com o grupo.<\/p>\n<p style=\"text-align: justify;\">Essa organiza\u00e7\u00e3o social \u00e9 respons\u00e1vel por celebrar contratos com o Governo do Estado para gerir hospitais e Upas importantes do estado. *As irregularidades identificadas n\u00e3o s\u00e3o referentes \u00e0 presta\u00e7\u00e3o em si dos servi\u00e7os de sa\u00fade dos hospitais administrados pelo grupo, mas sim, de servi\u00e7os terceirizados de atividade meio, como limpeza hospitalar, fornecimento de comida, dentre outros.*<\/p>\n<p style=\"text-align: justify;\">Os valores dos contratos firmados entre a organiza\u00e7\u00e3o social de sa\u00fade e apenas uma das empresas investigadas superam R$ 89 milh\u00f5es. Mesmo n\u00e3o sendo uma institui\u00e7\u00e3o p\u00fablica, a organiza\u00e7\u00e3o social em quest\u00e3o se compromete a cumprir v\u00e1rias leis e normativos quando passa a fazer conv\u00eanios com o estado, pois recebe verba p\u00fablica para a presta\u00e7\u00e3o dos servi\u00e7os. Os crimes em apura\u00e7\u00e3o pela PF s\u00e3o de peculato e organiza\u00e7\u00e3o criminosa, sonega\u00e7\u00e3o fiscal e lavagem de capitais, cujas penas ultrapassam os 30 anos de reclus\u00e3o. As dilig\u00eancias acontecem nos munic\u00edpios pernambucanos de Recife, Olinda e Paulista e no munic\u00edpio de Aracaju\/SE, com a participa\u00e7\u00e3o de 80 policiais federais e 07 auditores da CGU.<\/p>\n<p style=\"text-align: justify;\">A Opera\u00e7\u00e3o recebeu o nome \u201cCl\u00e3\u201d devido aos alvos fazerem parte de um grupo familiar que \u00e9 respons\u00e1vel pela ger\u00eancia das empresas ligadas \u00e0 organiza\u00e7\u00e3o social investigada<\/p>\n<p style=\"text-align: justify;\">Siga o Instagram do Blog @blogdoedvaldomagalhaes<\/p>\n\n\n<figure class=\"wp-block-image size-full is-resized\"><img loading=\"lazy\" decoding=\"async\" src=\"https:\/\/blogdoedvaldomagalhaes.com.br\/wp-content\/uploads\/2023\/01\/D9FA59BD-E656-4895-981C-EFB1B5D18E58.jpeg\" alt=\"\" class=\"wp-image-92203\" width=\"412\" height=\"295\" srcset=\"https:\/\/blogdoedvaldomagalhaes.com.br\/wp-content\/uploads\/2023\/01\/D9FA59BD-E656-4895-981C-EFB1B5D18E58.jpeg 1024w, https:\/\/blogdoedvaldomagalhaes.com.br\/wp-content\/uploads\/2023\/01\/D9FA59BD-E656-4895-981C-EFB1B5D18E58-300x215.jpeg 300w, https:\/\/blogdoedvaldomagalhaes.com.br\/wp-content\/uploads\/2023\/01\/D9FA59BD-E656-4895-981C-EFB1B5D18E58-768x551.jpeg 768w\" sizes=\"auto, (max-width: 412px) 100vw, 412px\" \/><figcaption class=\"wp-element-caption\">Fotos: Divulga\u00e7\u00e3o\/PF<\/figcaption><\/figure>\n","protected":false},"excerpt":{"rendered":"<p>A Pol\u00edcia Federal deflagra, na data de hoje, 24\/01, a opera\u00e7\u00e3o \u201cCl\u00e3\u201d, que visa combater crimes de desvio de recursos&hellip;<\/p>\n","protected":false},"author":1,"featured_media":92204,"comment_status":"closed","ping_status":"open","sticky":false,"template":"","format":"standard","meta":{"footnotes":""},"categories":[14121],"tags":[2,19532,3406,26615],"class_list":["post-92202","post","type-post","status-publish","format-standard","has-post-thumbnail","hentry","category-policial","tag-blog-do-edvaldo-magalhaes","tag-blog-mais-acessado-e-visualizado-de-caruaru-e-regiao","tag-caruaru","tag-policia-federal-pe-cumpre-mandados-de-busca-e-apreensao-para-combater-desvios-de-recursos-em-upas-e-hospitais"],"_links":{"self":[{"href":"https:\/\/blogdoedvaldomagalhaes.com.br\/index.php\/wp-json\/wp\/v2\/posts\/92202","targetHints":{"allow":["GET"]}}],"collection":[{"href":"https:\/\/blogdoedvaldomagalhaes.com.br\/index.php\/wp-json\/wp\/v2\/posts"}],"about":[{"href":"https:\/\/blogdoedvaldomagalhaes.com.br\/index.php\/wp-json\/wp\/v2\/types\/post"}],"author":[{"embeddable":true,"href":"https:\/\/blogdoedvaldomagalhaes.com.br\/index.php\/wp-json\/wp\/v2\/users\/1"}],"replies":[{"embeddable":true,"href":"https:\/\/blogdoedvaldomagalhaes.com.br\/index.php\/wp-json\/wp\/v2\/comments?post=92202"}],"version-history":[{"count":1,"href":"https:\/\/blogdoedvaldomagalhaes.com.br\/index.php\/wp-json\/wp\/v2\/posts\/92202\/revisions"}],"predecessor-version":[{"id":92205,"href":"https:\/\/blogdoedvaldomagalhaes.com.br\/index.php\/wp-json\/wp\/v2\/posts\/92202\/revisions\/92205"}],"wp:featuredmedia":[{"embeddable":true,"href":"https:\/\/blogdoedvaldomagalhaes.com.br\/index.php\/wp-json\/wp\/v2\/media\/92204"}],"wp:attachment":[{"href":"https:\/\/blogdoedvaldomagalhaes.com.br\/index.php\/wp-json\/wp\/v2\/media?parent=92202"}],"wp:term":[{"taxonomy":"category","embeddable":true,"href":"https:\/\/blogdoedvaldomagalhaes.com.br\/index.php\/wp-json\/wp\/v2\/categories?post=92202"},{"taxonomy":"post_tag","embeddable":true,"href":"https:\/\/blogdoedvaldomagalhaes.com.br\/index.php\/wp-json\/wp\/v2\/tags?post=92202"}],"curies":[{"name":"wp","href":"https:\/\/api.w.org\/{rel}","templated":true}]}}