{"id":92140,"date":"2023-01-22T18:56:10","date_gmt":"2023-01-22T21:56:10","guid":{"rendered":"https:\/\/blogdoedvaldomagalhaes.com.br\/?p=92140"},"modified":"2023-01-22T19:09:34","modified_gmt":"2023-01-22T22:09:34","slug":"confira-as-novidades-do-sao-joao-2023-de-caruaru","status":"publish","type":"post","link":"https:\/\/blogdoedvaldomagalhaes.com.br\/index.php\/2023\/01\/22\/confira-as-novidades-do-sao-joao-2023-de-caruaru\/","title":{"rendered":"Confira as novidades do S\u00e3o Jo\u00e3o 2023 de Caruaru"},"content":{"rendered":"<p style=\"text-align: justify;\">Segundo uma fonte do Blog do Edvaldo Magalh\u00e3es, houve uma reuni\u00e3o nessa semana na Funda\u00e7\u00e3o de Cultura de Caruaru, e foi dito que o S\u00e3o Jo\u00e3o 2023 ser\u00e1 maior, ou seja , as festividades devem\u00a0 come\u00e7ar no 29 de abril e serem encerradas em 30 de junho. Inicialmente a festa dever\u00e1 ter festas na zona rural com o S\u00e3o Jo\u00e3o na Ro\u00e7a nas sextas-feiras e s\u00e1bados, j\u00e1 aos domingos devem ser realizadas as festas de comidas gigantes, e no m\u00eas de junho as atra\u00e7\u00f5es no P\u00e1tio de Eventos e Esta\u00e7\u00e3o Ferrovi\u00e1ria, com novo layout.<\/p>\n<p style=\"text-align: justify;\">Caruaru tem 54 festas de comidas gigantes e algumas delas ocorriam anualmente no m\u00eas de julho. O Blog do Edvaldo Magalh\u00e3es soube que, durante a reuni\u00e3o na Funda\u00e7\u00e3o de Cultura, foi solicitado que as festas sejam atenciosas para o m\u00eas de maio, se estendendo no m\u00e1ximo at\u00e9 o m\u00eas de junho.<\/p>\n<p style=\"text-align: justify;\">Participaram da reuni\u00e3o, o vice-presidente presidente da Funda\u00e7\u00e3o de Cultura de Caruaru, H\u00e9rlon Cavalcanti; a presidente da Associa\u00e7\u00e3o dos Idealizadores das Comidas Gigantes de Caruaru, Marta Alves; o presidente da Uni\u00e3o das Comidas Gigantes de Caruaru, Augusto Eventos; o presidente do Movimento das Comidas Gigantes de Caruaru, Paulinho do Salgado; e os organizadores das festas que eram realizadas no m\u00eas de julho F\u00e1bio Torres do Maior Xer\u00e9m com Galinha do Mundo da Vila Rafael, Alexandre Pirulito do Maior Munguz\u00e1 do Sert\u00e3o&#8217; do Mundo d<span style=\"font-size: revert; color: initial;\">o bairro Rendeiras e Festa da Canjica da Vila Peladas.\u00a0<\/span><\/p>\n<p style=\"text-align: justify;\">Siga o Instagram do Blog @blogdoedvaldomagalhaes<\/p>\n","protected":false},"excerpt":{"rendered":"<p>Segundo uma fonte do Blog do Edvaldo Magalh\u00e3es, houve uma reuni\u00e3o nessa semana na Funda\u00e7\u00e3o de Cultura de Caruaru, e&hellip;<\/p>\n","protected":false},"author":1,"featured_media":92135,"comment_status":"closed","ping_status":"open","sticky":false,"template":"","format":"standard","meta":{"footnotes":""},"categories":[14120],"tags":[992,19532,3406,26602],"class_list":["post-92140","post","type-post","status-publish","format-standard","has-post-thumbnail","hentry","category-noticias","tag-blog-do-edvaldo-do-magalhaes","tag-blog-mais-acessado-e-visualizado-de-caruaru-e-regiao","tag-caruaru","tag-confira-as-novidades-do-sao-joao-2023-de-caruaru"],"_links":{"self":[{"href":"https:\/\/blogdoedvaldomagalhaes.com.br\/index.php\/wp-json\/wp\/v2\/posts\/92140","targetHints":{"allow":["GET"]}}],"collection":[{"href":"https:\/\/blogdoedvaldomagalhaes.com.br\/index.php\/wp-json\/wp\/v2\/posts"}],"about":[{"href":"https:\/\/blogdoedvaldomagalhaes.com.br\/index.php\/wp-json\/wp\/v2\/types\/post"}],"author":[{"embeddable":true,"href":"https:\/\/blogdoedvaldomagalhaes.com.br\/index.php\/wp-json\/wp\/v2\/users\/1"}],"replies":[{"embeddable":true,"href":"https:\/\/blogdoedvaldomagalhaes.com.br\/index.php\/wp-json\/wp\/v2\/comments?post=92140"}],"version-history":[{"count":3,"href":"https:\/\/blogdoedvaldomagalhaes.com.br\/index.php\/wp-json\/wp\/v2\/posts\/92140\/revisions"}],"predecessor-version":[{"id":92147,"href":"https:\/\/blogdoedvaldomagalhaes.com.br\/index.php\/wp-json\/wp\/v2\/posts\/92140\/revisions\/92147"}],"wp:featuredmedia":[{"embeddable":true,"href":"https:\/\/blogdoedvaldomagalhaes.com.br\/index.php\/wp-json\/wp\/v2\/media\/92135"}],"wp:attachment":[{"href":"https:\/\/blogdoedvaldomagalhaes.com.br\/index.php\/wp-json\/wp\/v2\/media?parent=92140"}],"wp:term":[{"taxonomy":"category","embeddable":true,"href":"https:\/\/blogdoedvaldomagalhaes.com.br\/index.php\/wp-json\/wp\/v2\/categories?post=92140"},{"taxonomy":"post_tag","embeddable":true,"href":"https:\/\/blogdoedvaldomagalhaes.com.br\/index.php\/wp-json\/wp\/v2\/tags?post=92140"}],"curies":[{"name":"wp","href":"https:\/\/api.w.org\/{rel}","templated":true}]}}